{"id":11876,"date":"2020-04-04T00:05:29","date_gmt":"2020-04-03T22:05:29","guid":{"rendered":"http:\/\/sp1.kielce.eu\/?p=11876"},"modified":"2020-04-06T22:55:47","modified_gmt":"2020-04-06T20:55:47","slug":"konkurs-plastyczno-literacki-kto-dzisiaj-jest-twoim-bohaterem","status":"publish","type":"post","link":"https:\/\/sp1.kielce.eu\/index.php\/2020\/04\/04\/konkurs-plastyczno-literacki-kto-dzisiaj-jest-twoim-bohaterem\/","title":{"rendered":"Szkolny konkurs literacko &#8211; plastyczny \u201eKTO DZISIAJ JEST DLA CIEBIE BOHATEREM?\u201d"},"content":{"rendered":"\n<p><strong>Cele konkursu:<\/strong><br><strong><em>Cel g\u0142\u00f3wny:<\/em><\/strong><br>Podkre\u015blenie znaczenia \u017cycia i zdrowia ludzkiego jako najwy\u017cszej warto\u015bci.<\/p>\n\n\n\n<p><strong><em>Cele:<\/em><\/strong><\/p>\n\n\n\n<ul class=\"wp-block-list\"><li>Znaczenie\ni misja wielu zawod\u00f3w.<\/li><li>Dba\u0142o\u015b\u0107\ni troska m\u0142odszych pokole\u0144 o ludzi starszych i niepe\u0142nosprawnych.<\/li><li>Rola\nrodziny jako fundamentu \u017cycia ludzkiego i jednej z&nbsp;najcenniejszych\nwarto\u015bci.<\/li><li>Znaczenie\n&nbsp;relacji mi\u0119dzyludzkich i bezinteresownej\npomocy.<\/li><li>Wsp\u00f3\u0142zale\u017cno\u015b\u0107\nod siebie ludzi jako spo\u0142ecze\u0144stwa.<\/li><li>Znaczenie\nwsp\u00f3lnoty i jedno\u015bci narodowej w chwilach zagro\u017cenia.<\/li><\/ul>\n\n\n\n<p><strong>Dla klas I-III<\/strong> proponujemy form\u0119 pracy plastycznej.\nMo\u017ce to by\u0107 rysunek wykonany dowoln\u0105 technik\u0105 plastyczn\u0105 lub w dowolnym\nprogramie komputerowym.<\/p>\n\n\n\n<p><strong>Dla klas IV-VIII<\/strong> przewidziana jest forma literacka:\nwiersz lub kr\u00f3tkie opowiadanie b\u0105d\u017a kartka z pami\u0119tnika. <\/p>\n\n\n\n<p>Termin\nnadsy\u0142ania prac konkursowych <strong>on-line do\n15 maja 2020r.<\/strong><\/p>\n\n\n\n<p>Prace\nplastyczne wysy\u0142amy na adres : <a href=\"mailto:malgorzata.rebis@sp1.kielce.eu\">malgorzata.rebis@sp1.kielce.eu<\/a><\/p>\n\n\n\n<p>Prace\nliterackie wysy\u0142amy na adres : anna.borowska@sp1.kielce.eu<\/p>\n\n\n\n<p>Ocenie prac\npodlega\u0107 b\u0119dzie zgodno\u015b\u0107 z tematyk\u0105 konkursu i jego celami oraz kreatywno\u015b\u0107.<\/p>\n\n\n\n<p>Prace, kt\u00f3re\nzostan\u0105 nagrodzone b\u0119d\u0105 r\u00f3wnie\u017c umieszczone na stronie internetowej Szko\u0142y\nPodstawowej nr 1 w Kielcach.<\/p>\n\n\n\n<p style=\"text-align:right\">Organizatorzy:<br>Anna Borowska i Ma\u0142gorzata R\u0119bi\u015b<br>Nauczyciele SP nr 1 w Kielcach<\/p>\n","protected":false},"excerpt":{"rendered":"<p>Cele konkursu:Cel g\u0142\u00f3wny:Podkre\u015blenie znaczenia \u017cycia i zdrowia ludzkiego jako najwy\u017cszej warto\u015bci. Cele: Znaczenie i misja [&hellip;]<\/p>\n","protected":false},"author":13,"featured_media":11877,"comment_status":"closed","ping_status":"open","sticky":false,"template":"","format":"standard","meta":{"footnotes":""},"categories":[22],"tags":[],"class_list":["post-11876","post","type-post","status-publish","format-standard","has-post-thumbnail","hentry","category-konkursy-konkursy-przedmiotowe"],"_links":{"self":[{"href":"https:\/\/sp1.kielce.eu\/index.php\/wp-json\/wp\/v2\/posts\/11876","targetHints":{"allow":["GET"]}}],"collection":[{"href":"https:\/\/sp1.kielce.eu\/index.php\/wp-json\/wp\/v2\/posts"}],"about":[{"href":"https:\/\/sp1.kielce.eu\/index.php\/wp-json\/wp\/v2\/types\/post"}],"author":[{"embeddable":true,"href":"https:\/\/sp1.kielce.eu\/index.php\/wp-json\/wp\/v2\/users\/13"}],"replies":[{"embeddable":true,"href":"https:\/\/sp1.kielce.eu\/index.php\/wp-json\/wp\/v2\/comments?post=11876"}],"version-history":[{"count":2,"href":"https:\/\/sp1.kielce.eu\/index.php\/wp-json\/wp\/v2\/posts\/11876\/revisions"}],"predecessor-version":[{"id":11885,"href":"https:\/\/sp1.kielce.eu\/index.php\/wp-json\/wp\/v2\/posts\/11876\/revisions\/11885"}],"wp:featuredmedia":[{"embeddable":true,"href":"https:\/\/sp1.kielce.eu\/index.php\/wp-json\/wp\/v2\/media\/11877"}],"wp:attachment":[{"href":"https:\/\/sp1.kielce.eu\/index.php\/wp-json\/wp\/v2\/media?parent=11876"}],"wp:term":[{"taxonomy":"category","embeddable":true,"href":"https:\/\/sp1.kielce.eu\/index.php\/wp-json\/wp\/v2\/categories?post=11876"},{"taxonomy":"post_tag","embeddable":true,"href":"https:\/\/sp1.kielce.eu\/index.php\/wp-json\/wp\/v2\/tags?post=11876"}],"curies":[{"name":"wp","href":"https:\/\/api.w.org\/{rel}","templated":true}]}}