{"id":11856,"date":"2020-04-01T22:30:03","date_gmt":"2020-04-01T20:30:03","guid":{"rendered":"http:\/\/sp1.kielce.eu\/?p=11856"},"modified":"2020-04-01T22:30:03","modified_gmt":"2020-04-01T20:30:03","slug":"wielki-post-w-rodzinie-jozefa","status":"publish","type":"post","link":"https:\/\/sp1.kielce.eu\/index.php\/2020\/04\/01\/wielki-post-w-rodzinie-jozefa\/","title":{"rendered":"Wielki Post w Rodzinie J\u00f3zefa"},"content":{"rendered":"\n<p><strong>\u015arod\u0105 Popielcow\u0105, kt\u00f3r\u0105 w tym roku\nprze\u017cywali\u015bmy 26 lutego, rozpocz\u0119li\u015bmy w Ko\u015bciele Wielki Post. Jest to okres\nliturgiczny, kt\u00f3ry przygotowuje wiernych do prze\u017cycia \u015bwi\u0105t Wielkanocnych. To\nczas pokuty i nawr\u00f3cenia<\/strong>. Zako\u0144czy\nsi\u0119 w Wielki Czwartek przed wieczorn\u0105 Msz\u0105 zwan\u0105 Msz\u0105 Wieczerzy Pa\u0144skiej. <\/p>\n\n\n\n<p>&nbsp;&nbsp;&nbsp;&nbsp;&nbsp;&nbsp;&nbsp;&nbsp;&nbsp;&nbsp;&nbsp; Od V\nNiedzieli Wielkiego Postu w polskich ko\u015bcio\u0142ach zakrywane s\u0105 krzy\u017ce. Na pewien\nczas tracimy Jezusa z oczu, by na nowo zat\u0119skni\u0107 za Jego blisko\u015bci\u0105 i lepiej\nzobaczy\u0107 Go sercem.<\/p>\n\n\n\n<p>&nbsp;&nbsp;&nbsp;&nbsp;&nbsp;&nbsp;&nbsp;&nbsp;&nbsp;&nbsp;&nbsp; VI\nNiedziela Wielkiego Postu, nazywana jest Niedziel\u0105 Palmow\u0105 M\u0119ki Pa\u0144skiej. Liturgia\ntego dnia upami\u0119tnia wjazd Chrystusa do Jerozolimy. W tym dniu wierni\nprzychodz\u0105 do ko\u015bcio\u0142\u00f3w&nbsp; z palmami\nwielkanocnymi, kt\u00f3re kap\u0142an po\u015bwi\u0119ca w trakcie Mszy \u015awi\u0119tj.<\/p>\n\n\n\n<p>&nbsp;&nbsp;&nbsp;&nbsp;&nbsp;&nbsp;&nbsp;&nbsp;&nbsp;&nbsp;&nbsp; A oto najcz\u0119stsze pytania dotycz\u0105ce\nWielkiego Postu, zadawane przez dzieci i m\u0142odzie\u017c oraz odpowiedzi katechet\u00f3w. <\/p>\n\n\n\n<p>&nbsp;&nbsp;&nbsp;&nbsp;&nbsp;&nbsp;&nbsp;&nbsp;&nbsp;&nbsp;&nbsp; A Ty znasz wszystkie odpowiedzi?\nZobacz kr\u00f3tki filmik i sprawd\u017a swoj\u0105 wiedz\u0119!<\/p>\n\n\n\n<p><em>s. Faustyna Czajkowska<\/em><\/p>\n\n\n\n<p><a href=\"https:\/\/www.youtube.com\/watch?v=gTxMH7NzvJA\">https:\/\/www.youtube.com\/watch?v=gTxMH7NzvJA<\/a><\/p>\n\n\n\n<ul class=\"wp-block-gallery columns-1 is-cropped wp-block-gallery-1 is-layout-flex wp-block-gallery-is-layout-flex\"><li class=\"blocks-gallery-item\"><figure><a href=\"http:\/\/sp1.kielce.eu\/wp-content\/uploads\/2020\/04\/IMG_20200327_114726-Medium.jpg\"><img loading=\"lazy\" decoding=\"async\" width=\"1024\" height=\"768\" src=\"http:\/\/sp1.kielce.eu\/wp-content\/uploads\/2020\/04\/IMG_20200327_114726-Medium.jpg\" alt=\"\" data-id=\"11857\" data-link=\"http:\/\/sp1.kielce.eu\/?attachment_id=11857\" class=\"wp-image-11857\" srcset=\"https:\/\/sp1.kielce.eu\/wp-content\/uploads\/2020\/04\/IMG_20200327_114726-Medium.jpg 1024w, https:\/\/sp1.kielce.eu\/wp-content\/uploads\/2020\/04\/IMG_20200327_114726-Medium-300x225.jpg 300w, https:\/\/sp1.kielce.eu\/wp-content\/uploads\/2020\/04\/IMG_20200327_114726-Medium-768x576.jpg 768w, https:\/\/sp1.kielce.eu\/wp-content\/uploads\/2020\/04\/IMG_20200327_114726-Medium-820x615.jpg 820w\" sizes=\"auto, (max-width: 1024px) 100vw, 1024px\" \/><\/a><\/figure><\/li><\/ul>\n","protected":false},"excerpt":{"rendered":"<p>\u015arod\u0105 Popielcow\u0105, kt\u00f3r\u0105 w tym roku prze\u017cywali\u015bmy 26 lutego, rozpocz\u0119li\u015bmy w Ko\u015bciele Wielki Post. Jest [&hellip;]<\/p>\n","protected":false},"author":5,"featured_media":11857,"comment_status":"closed","ping_status":"open","sticky":false,"template":"","format":"standard","meta":{"footnotes":""},"categories":[36],"tags":[],"class_list":["post-11856","post","type-post","status-publish","format-standard","has-post-thumbnail","hentry","category-wydarzenia"],"_links":{"self":[{"href":"https:\/\/sp1.kielce.eu\/index.php\/wp-json\/wp\/v2\/posts\/11856","targetHints":{"allow":["GET"]}}],"collection":[{"href":"https:\/\/sp1.kielce.eu\/index.php\/wp-json\/wp\/v2\/posts"}],"about":[{"href":"https:\/\/sp1.kielce.eu\/index.php\/wp-json\/wp\/v2\/types\/post"}],"author":[{"embeddable":true,"href":"https:\/\/sp1.kielce.eu\/index.php\/wp-json\/wp\/v2\/users\/5"}],"replies":[{"embeddable":true,"href":"https:\/\/sp1.kielce.eu\/index.php\/wp-json\/wp\/v2\/comments?post=11856"}],"version-history":[{"count":1,"href":"https:\/\/sp1.kielce.eu\/index.php\/wp-json\/wp\/v2\/posts\/11856\/revisions"}],"predecessor-version":[{"id":11858,"href":"https:\/\/sp1.kielce.eu\/index.php\/wp-json\/wp\/v2\/posts\/11856\/revisions\/11858"}],"wp:featuredmedia":[{"embeddable":true,"href":"https:\/\/sp1.kielce.eu\/index.php\/wp-json\/wp\/v2\/media\/11857"}],"wp:attachment":[{"href":"https:\/\/sp1.kielce.eu\/index.php\/wp-json\/wp\/v2\/media?parent=11856"}],"wp:term":[{"taxonomy":"category","embeddable":true,"href":"https:\/\/sp1.kielce.eu\/index.php\/wp-json\/wp\/v2\/categories?post=11856"},{"taxonomy":"post_tag","embeddable":true,"href":"https:\/\/sp1.kielce.eu\/index.php\/wp-json\/wp\/v2\/tags?post=11856"}],"curies":[{"name":"wp","href":"https:\/\/api.w.org\/{rel}","templated":true}]}}