{"id":11852,"date":"2020-03-31T00:27:56","date_gmt":"2020-03-30T22:27:56","guid":{"rendered":"http:\/\/sp1.kielce.eu\/?p=11852"},"modified":"2020-03-31T00:27:56","modified_gmt":"2020-03-30T22:27:56","slug":"biblioteka-szkolna-poleca","status":"publish","type":"post","link":"https:\/\/sp1.kielce.eu\/index.php\/2020\/03\/31\/biblioteka-szkolna-poleca\/","title":{"rendered":"Biblioteka szkolna poleca!"},"content":{"rendered":"\n<h2 class=\"wp-block-heading\">\u201eSzko\u0142a z TVP\u201d \u2013 nowy projekt Telewizji Polskiej i&nbsp;Ministerstwa\nEdukacji Narodowej<\/h2>\n\n\n\n<p>Ju\u017c dzi\u015b, 30 marca br. od godziny 8.00 ruszy\u0142y pierwsze\nlekcje z&nbsp;TVP! Materia\u0142y b\u0119d\u0105 emitowane od poniedzia\u0142ku do pi\u0105tku na\nog\u00f3lnodost\u0119pnych antenach Telewizji Polskiej. Znajd\u0105 si\u0119 tak\u017ce na VOD.TVP.PL.\nPasmo to skierowane jest do uczni\u00f3w klas 1-8 szk\u00f3\u0142 podstawowych. Sponsorem\nprojektu \u201eSzko\u0142a z&nbsp;TVP\u201d jest Fundacja PGNiG im. Ignacego \u0141ukasiewicza.<\/p>\n\n\n\n<p>Zapraszamy do ogl\u0105dania!<\/p>\n\n\n\n<h3 class=\"wp-block-heading\">Lekcje z TVP na 4 kana\u0142ach<\/h3>\n\n\n\n<p>Pierwsze programy wystartowa\u0142y dzi\u015b, 30 marca o&nbsp;godzinie\n8.00. Mo\u017cna je obejrze\u0107 na 4 kana\u0142ach: TVP3, TVP\nRozrywka, TVP Sport oraz TVP Historia w&nbsp;dw\u00f3ch blokach programowych:\nporannym &#8211; rozpoczynaj\u0105cym si\u0119 zawsze od godz. 8:00 i&nbsp;powt\u00f3rzeniowym \u2013 od\ngodz. 12:30.<\/p>\n\n\n\n<p>Plan lekcji \u201eSzko\u0142y z TVP\u201d jest dost\u0119pny na specjalnej\nstronie <a href=\"https:\/\/www.tvp.pl\/47318246\/tvp-i-men-uruchamiaja-projekt-szkola-z-tvp-sprawdz-plan-lekcji\">szkolaztvp.pl<\/a>.\nDodatkowo plan zaj\u0119\u0107 udost\u0119pni\u0105 elektroniczne przewodniki programowe\noperator\u00f3w, dostarczaj\u0105cych sygna\u0142 telewizyjny. Dodatkowo wszystkie wyemitowane\nna antenie lekcje b\u0119d\u0105 dost\u0119pne na <a href=\"https:\/\/vod.tvp.pl\/\">vod.tvp.pl<\/a>\nw&nbsp;specjalnie przygotowanych serwisach po\u015bwi\u0119conych poszczeg\u00f3lnym klasom\nszko\u0142y podstawowej.<\/p>\n\n\n\n<p style=\"text-align:right\">Renata Kozie\u0142, Kamila Kami\u0144ska<\/p>\n","protected":false},"excerpt":{"rendered":"<p>\u201eSzko\u0142a z TVP\u201d \u2013 nowy projekt Telewizji Polskiej i&nbsp;Ministerstwa Edukacji Narodowej Ju\u017c dzi\u015b, 30 marca [&hellip;]<\/p>\n","protected":false},"author":13,"featured_media":11853,"comment_status":"closed","ping_status":"open","sticky":false,"template":"","format":"standard","meta":{"footnotes":""},"categories":[72],"tags":[],"class_list":["post-11852","post","type-post","status-publish","format-standard","has-post-thumbnail","hentry","category-biblioteka"],"_links":{"self":[{"href":"https:\/\/sp1.kielce.eu\/index.php\/wp-json\/wp\/v2\/posts\/11852","targetHints":{"allow":["GET"]}}],"collection":[{"href":"https:\/\/sp1.kielce.eu\/index.php\/wp-json\/wp\/v2\/posts"}],"about":[{"href":"https:\/\/sp1.kielce.eu\/index.php\/wp-json\/wp\/v2\/types\/post"}],"author":[{"embeddable":true,"href":"https:\/\/sp1.kielce.eu\/index.php\/wp-json\/wp\/v2\/users\/13"}],"replies":[{"embeddable":true,"href":"https:\/\/sp1.kielce.eu\/index.php\/wp-json\/wp\/v2\/comments?post=11852"}],"version-history":[{"count":1,"href":"https:\/\/sp1.kielce.eu\/index.php\/wp-json\/wp\/v2\/posts\/11852\/revisions"}],"predecessor-version":[{"id":11854,"href":"https:\/\/sp1.kielce.eu\/index.php\/wp-json\/wp\/v2\/posts\/11852\/revisions\/11854"}],"wp:featuredmedia":[{"embeddable":true,"href":"https:\/\/sp1.kielce.eu\/index.php\/wp-json\/wp\/v2\/media\/11853"}],"wp:attachment":[{"href":"https:\/\/sp1.kielce.eu\/index.php\/wp-json\/wp\/v2\/media?parent=11852"}],"wp:term":[{"taxonomy":"category","embeddable":true,"href":"https:\/\/sp1.kielce.eu\/index.php\/wp-json\/wp\/v2\/categories?post=11852"},{"taxonomy":"post_tag","embeddable":true,"href":"https:\/\/sp1.kielce.eu\/index.php\/wp-json\/wp\/v2\/tags?post=11852"}],"curies":[{"name":"wp","href":"https:\/\/api.w.org\/{rel}","templated":true}]}}