{"id":11815,"date":"2020-03-25T09:47:37","date_gmt":"2020-03-25T08:47:37","guid":{"rendered":"http:\/\/sp1.kielce.eu\/?p=11815"},"modified":"2020-03-25T09:47:37","modified_gmt":"2020-03-25T08:47:37","slug":"wspolnie-dla-domu-samotnej-matki-2","status":"publish","type":"post","link":"https:\/\/sp1.kielce.eu\/index.php\/2020\/03\/25\/wspolnie-dla-domu-samotnej-matki-2\/","title":{"rendered":"Wsp\u00f3lnie dla domu Samotnej Matki!"},"content":{"rendered":"\n<p>Dzi\u0119kujemy za wszystkie dary serca kt\u00f3re spo\u0142eczno\u015b\u0107 szkolna\nprzekaza\u0142a dla Domu Samotnej Matki w Kielcach przy ul. S\u0142onecznej! Jeste\u015bcie\nwspaniali, razem zebrali\u015bmy ponad 150 artyku\u0142\u00f3w! Co da\u0142o ponad 9 reklam\u00f3wek\npomocy dla potrzebuj\u0105cych! <strong><\/strong><\/p>\n\n\n\n<p style=\"text-align:right\">Kamila Kami\u0144ska<\/p>\n\n\n\n<ul class=\"wp-block-gallery columns-2 is-cropped wp-block-gallery-1 is-layout-flex wp-block-gallery-is-layout-flex\"><li class=\"blocks-gallery-item\"><figure><a href=\"http:\/\/sp1.kielce.eu\/wp-content\/uploads\/2020\/03\/1a-Medium.jpg\"><img loading=\"lazy\" decoding=\"async\" width=\"1233\" height=\"768\" src=\"http:\/\/sp1.kielce.eu\/wp-content\/uploads\/2020\/03\/1a-Medium.jpg\" alt=\"\" data-id=\"11816\" data-link=\"http:\/\/sp1.kielce.eu\/?attachment_id=11816\" class=\"wp-image-11816\" srcset=\"https:\/\/sp1.kielce.eu\/wp-content\/uploads\/2020\/03\/1a-Medium.jpg 1233w, https:\/\/sp1.kielce.eu\/wp-content\/uploads\/2020\/03\/1a-Medium-300x187.jpg 300w, https:\/\/sp1.kielce.eu\/wp-content\/uploads\/2020\/03\/1a-Medium-768x478.jpg 768w, https:\/\/sp1.kielce.eu\/wp-content\/uploads\/2020\/03\/1a-Medium-820x511.jpg 820w\" sizes=\"auto, (max-width: 1233px) 100vw, 1233px\" \/><\/a><figcaption>2<\/figcaption><\/figure><\/li><li class=\"blocks-gallery-item\"><figure><a href=\"http:\/\/sp1.kielce.eu\/wp-content\/uploads\/2020\/03\/2-Medium-1.jpg\"><img loading=\"lazy\" decoding=\"async\" width=\"954\" height=\"768\" src=\"http:\/\/sp1.kielce.eu\/wp-content\/uploads\/2020\/03\/2-Medium-1.jpg\" alt=\"\" data-id=\"11817\" data-link=\"http:\/\/sp1.kielce.eu\/?attachment_id=11817\" class=\"wp-image-11817\" srcset=\"https:\/\/sp1.kielce.eu\/wp-content\/uploads\/2020\/03\/2-Medium-1.jpg 954w, https:\/\/sp1.kielce.eu\/wp-content\/uploads\/2020\/03\/2-Medium-1-300x242.jpg 300w, https:\/\/sp1.kielce.eu\/wp-content\/uploads\/2020\/03\/2-Medium-1-768x618.jpg 768w, https:\/\/sp1.kielce.eu\/wp-content\/uploads\/2020\/03\/2-Medium-1-820x660.jpg 820w\" sizes=\"auto, (max-width: 954px) 100vw, 954px\" \/><\/a><figcaption>1<\/figcaption><\/figure><\/li><\/ul>\n","protected":false},"excerpt":{"rendered":"<p>Dzi\u0119kujemy za wszystkie dary serca kt\u00f3re spo\u0142eczno\u015b\u0107 szkolna przekaza\u0142a dla Domu Samotnej Matki w Kielcach [&hellip;]<\/p>\n","protected":false},"author":5,"featured_media":11817,"comment_status":"closed","ping_status":"open","sticky":false,"template":"","format":"standard","meta":{"footnotes":""},"categories":[36],"tags":[],"class_list":["post-11815","post","type-post","status-publish","format-standard","has-post-thumbnail","hentry","category-wydarzenia"],"_links":{"self":[{"href":"https:\/\/sp1.kielce.eu\/index.php\/wp-json\/wp\/v2\/posts\/11815","targetHints":{"allow":["GET"]}}],"collection":[{"href":"https:\/\/sp1.kielce.eu\/index.php\/wp-json\/wp\/v2\/posts"}],"about":[{"href":"https:\/\/sp1.kielce.eu\/index.php\/wp-json\/wp\/v2\/types\/post"}],"author":[{"embeddable":true,"href":"https:\/\/sp1.kielce.eu\/index.php\/wp-json\/wp\/v2\/users\/5"}],"replies":[{"embeddable":true,"href":"https:\/\/sp1.kielce.eu\/index.php\/wp-json\/wp\/v2\/comments?post=11815"}],"version-history":[{"count":1,"href":"https:\/\/sp1.kielce.eu\/index.php\/wp-json\/wp\/v2\/posts\/11815\/revisions"}],"predecessor-version":[{"id":11818,"href":"https:\/\/sp1.kielce.eu\/index.php\/wp-json\/wp\/v2\/posts\/11815\/revisions\/11818"}],"wp:featuredmedia":[{"embeddable":true,"href":"https:\/\/sp1.kielce.eu\/index.php\/wp-json\/wp\/v2\/media\/11817"}],"wp:attachment":[{"href":"https:\/\/sp1.kielce.eu\/index.php\/wp-json\/wp\/v2\/media?parent=11815"}],"wp:term":[{"taxonomy":"category","embeddable":true,"href":"https:\/\/sp1.kielce.eu\/index.php\/wp-json\/wp\/v2\/categories?post=11815"},{"taxonomy":"post_tag","embeddable":true,"href":"https:\/\/sp1.kielce.eu\/index.php\/wp-json\/wp\/v2\/tags?post=11815"}],"curies":[{"name":"wp","href":"https:\/\/api.w.org\/{rel}","templated":true}]}}