{"id":11800,"date":"2020-03-20T17:45:33","date_gmt":"2020-03-20T16:45:33","guid":{"rendered":"http:\/\/sp1.kielce.eu\/?p=11800"},"modified":"2020-03-24T16:24:50","modified_gmt":"2020-03-24T15:24:50","slug":"dzien-kolorowej-skarpetki-w-naszej-jedynce","status":"publish","type":"post","link":"https:\/\/sp1.kielce.eu\/index.php\/2020\/03\/20\/dzien-kolorowej-skarpetki-w-naszej-jedynce\/","title":{"rendered":"\u201eDzie\u0144 Kolorowej Skarpetki w Naszej Jedynce\u201d"},"content":{"rendered":"\n<p>Bardzo\ndzi\u0119kujemy wszystkim, kt\u00f3rzy w\u0142\u0105czyli si\u0119 we wsp\u00f3ln\u0105 inicjatyw\u0119 pedagoga\nszkolnego i&nbsp;Samorz\u0105du Uczniowskiego. Mimo, \u017ce warunki nam nie sprzyja\u0142y\nuda\u0142o si\u0119 uczci\u0107 Dzie\u0144 Kolorowej Skarpetki, czyli \u015awiatowy Dzie\u0144 Os\u00f3b z&nbsp;Zespo\u0142em\nDowna. <\/p>\n\n\n\n<p>To wielka\nrzecz, \u017ce potrafili\u015bmy si\u0119 zjednoczy\u0107 w&nbsp;tak trudnych chwilach. Uczestniczyli\u015bmy\ntym samym w lekcji poruszaj\u0105cej tematyk\u0119 tolerancji, akceptacji, szacunku do\ndrugiego cz\u0142owieka.<\/p>\n\n\n\n<p>Pami\u0119tajcie,\n\u017ce szko\u0142a to nie budynek, ale MY \u2013 Uczniowie, Nauczyciele i&nbsp;Rodzice!<\/p>\n\n\n\n<p style=\"text-align:right\">Pedagog szkolny i opiekunki SU<\/p>\n\n\n\n<ul class=\"wp-block-gallery columns-3 is-cropped wp-block-gallery-1 is-layout-flex wp-block-gallery-is-layout-flex\"><li class=\"blocks-gallery-item\"><figure><a href=\"http:\/\/sp1.kielce.eu\/wp-content\/uploads\/2020\/03\/1-Copy-2.jpg\"><img loading=\"lazy\" decoding=\"async\" width=\"1200\" height=\"675\" src=\"http:\/\/sp1.kielce.eu\/wp-content\/uploads\/2020\/03\/1-Copy-2.jpg\" alt=\"\" data-id=\"11801\" data-link=\"http:\/\/sp1.kielce.eu\/?attachment_id=11801\" class=\"wp-image-11801\" srcset=\"https:\/\/sp1.kielce.eu\/wp-content\/uploads\/2020\/03\/1-Copy-2.jpg 1200w, https:\/\/sp1.kielce.eu\/wp-content\/uploads\/2020\/03\/1-Copy-2-300x169.jpg 300w, https:\/\/sp1.kielce.eu\/wp-content\/uploads\/2020\/03\/1-Copy-2-768x432.jpg 768w, https:\/\/sp1.kielce.eu\/wp-content\/uploads\/2020\/03\/1-Copy-2-820x461.jpg 820w\" sizes=\"auto, (max-width: 1200px) 100vw, 1200px\" \/><\/a><\/figure><\/li><li class=\"blocks-gallery-item\"><figure><a href=\"http:\/\/sp1.kielce.eu\/wp-content\/uploads\/2020\/03\/2-Copy.jpg\"><img loading=\"lazy\" decoding=\"async\" width=\"1200\" height=\"675\" src=\"http:\/\/sp1.kielce.eu\/wp-content\/uploads\/2020\/03\/2-Copy.jpg\" alt=\"\" data-id=\"11802\" data-link=\"http:\/\/sp1.kielce.eu\/?attachment_id=11802\" class=\"wp-image-11802\" srcset=\"https:\/\/sp1.kielce.eu\/wp-content\/uploads\/2020\/03\/2-Copy.jpg 1200w, https:\/\/sp1.kielce.eu\/wp-content\/uploads\/2020\/03\/2-Copy-300x169.jpg 300w, https:\/\/sp1.kielce.eu\/wp-content\/uploads\/2020\/03\/2-Copy-768x432.jpg 768w, https:\/\/sp1.kielce.eu\/wp-content\/uploads\/2020\/03\/2-Copy-820x461.jpg 820w\" sizes=\"auto, (max-width: 1200px) 100vw, 1200px\" \/><\/a><\/figure><\/li><li class=\"blocks-gallery-item\"><figure><a href=\"http:\/\/sp1.kielce.eu\/wp-content\/uploads\/2020\/03\/3-Copy.jpg\"><img loading=\"lazy\" decoding=\"async\" width=\"1200\" height=\"675\" src=\"http:\/\/sp1.kielce.eu\/wp-content\/uploads\/2020\/03\/3-Copy.jpg\" alt=\"\" data-id=\"11803\" data-link=\"http:\/\/sp1.kielce.eu\/?attachment_id=11803\" class=\"wp-image-11803\" srcset=\"https:\/\/sp1.kielce.eu\/wp-content\/uploads\/2020\/03\/3-Copy.jpg 1200w, https:\/\/sp1.kielce.eu\/wp-content\/uploads\/2020\/03\/3-Copy-300x169.jpg 300w, https:\/\/sp1.kielce.eu\/wp-content\/uploads\/2020\/03\/3-Copy-768x432.jpg 768w, https:\/\/sp1.kielce.eu\/wp-content\/uploads\/2020\/03\/3-Copy-820x461.jpg 820w\" sizes=\"auto, (max-width: 1200px) 100vw, 1200px\" \/><\/a><\/figure><\/li><li class=\"blocks-gallery-item\"><figure><a href=\"http:\/\/sp1.kielce.eu\/wp-content\/uploads\/2020\/03\/4-Copy.jpg\"><img loading=\"lazy\" decoding=\"async\" width=\"1200\" height=\"675\" src=\"http:\/\/sp1.kielce.eu\/wp-content\/uploads\/2020\/03\/4-Copy.jpg\" alt=\"\" data-id=\"11804\" data-link=\"http:\/\/sp1.kielce.eu\/?attachment_id=11804\" class=\"wp-image-11804\" srcset=\"https:\/\/sp1.kielce.eu\/wp-content\/uploads\/2020\/03\/4-Copy.jpg 1200w, https:\/\/sp1.kielce.eu\/wp-content\/uploads\/2020\/03\/4-Copy-300x169.jpg 300w, https:\/\/sp1.kielce.eu\/wp-content\/uploads\/2020\/03\/4-Copy-768x432.jpg 768w, https:\/\/sp1.kielce.eu\/wp-content\/uploads\/2020\/03\/4-Copy-820x461.jpg 820w\" sizes=\"auto, (max-width: 1200px) 100vw, 1200px\" \/><\/a><\/figure><\/li><li class=\"blocks-gallery-item\"><figure><a href=\"http:\/\/sp1.kielce.eu\/wp-content\/uploads\/2020\/03\/5-Copy.jpg\"><img loading=\"lazy\" decoding=\"async\" width=\"1200\" height=\"675\" src=\"http:\/\/sp1.kielce.eu\/wp-content\/uploads\/2020\/03\/5-Copy.jpg\" alt=\"\" data-id=\"11805\" data-link=\"http:\/\/sp1.kielce.eu\/?attachment_id=11805\" class=\"wp-image-11805\" srcset=\"https:\/\/sp1.kielce.eu\/wp-content\/uploads\/2020\/03\/5-Copy.jpg 1200w, https:\/\/sp1.kielce.eu\/wp-content\/uploads\/2020\/03\/5-Copy-300x169.jpg 300w, https:\/\/sp1.kielce.eu\/wp-content\/uploads\/2020\/03\/5-Copy-768x432.jpg 768w, https:\/\/sp1.kielce.eu\/wp-content\/uploads\/2020\/03\/5-Copy-820x461.jpg 820w\" sizes=\"auto, (max-width: 1200px) 100vw, 1200px\" \/><\/a><\/figure><\/li><\/ul>\n","protected":false},"excerpt":{"rendered":"<p>Bardzo dzi\u0119kujemy wszystkim, kt\u00f3rzy w\u0142\u0105czyli si\u0119 we wsp\u00f3ln\u0105 inicjatyw\u0119 pedagoga szkolnego i&nbsp;Samorz\u0105du Uczniowskiego. Mimo, \u017ce [&hellip;]<\/p>\n","protected":false},"author":13,"featured_media":11806,"comment_status":"closed","ping_status":"open","sticky":false,"template":"","format":"standard","meta":{"footnotes":""},"categories":[170,18],"tags":[],"class_list":["post-11800","post","type-post","status-publish","format-standard","has-post-thumbnail","hentry","category-msu","category-samorzad-uczniowoski"],"_links":{"self":[{"href":"https:\/\/sp1.kielce.eu\/index.php\/wp-json\/wp\/v2\/posts\/11800","targetHints":{"allow":["GET"]}}],"collection":[{"href":"https:\/\/sp1.kielce.eu\/index.php\/wp-json\/wp\/v2\/posts"}],"about":[{"href":"https:\/\/sp1.kielce.eu\/index.php\/wp-json\/wp\/v2\/types\/post"}],"author":[{"embeddable":true,"href":"https:\/\/sp1.kielce.eu\/index.php\/wp-json\/wp\/v2\/users\/13"}],"replies":[{"embeddable":true,"href":"https:\/\/sp1.kielce.eu\/index.php\/wp-json\/wp\/v2\/comments?post=11800"}],"version-history":[{"count":2,"href":"https:\/\/sp1.kielce.eu\/index.php\/wp-json\/wp\/v2\/posts\/11800\/revisions"}],"predecessor-version":[{"id":11809,"href":"https:\/\/sp1.kielce.eu\/index.php\/wp-json\/wp\/v2\/posts\/11800\/revisions\/11809"}],"wp:featuredmedia":[{"embeddable":true,"href":"https:\/\/sp1.kielce.eu\/index.php\/wp-json\/wp\/v2\/media\/11806"}],"wp:attachment":[{"href":"https:\/\/sp1.kielce.eu\/index.php\/wp-json\/wp\/v2\/media?parent=11800"}],"wp:term":[{"taxonomy":"category","embeddable":true,"href":"https:\/\/sp1.kielce.eu\/index.php\/wp-json\/wp\/v2\/categories?post=11800"},{"taxonomy":"post_tag","embeddable":true,"href":"https:\/\/sp1.kielce.eu\/index.php\/wp-json\/wp\/v2\/tags?post=11800"}],"curies":[{"name":"wp","href":"https:\/\/api.w.org\/{rel}","templated":true}]}}