{"id":11790,"date":"2020-03-20T17:43:14","date_gmt":"2020-03-20T16:43:14","guid":{"rendered":"http:\/\/sp1.kielce.eu\/?p=11790"},"modified":"2020-03-20T17:43:35","modified_gmt":"2020-03-20T16:43:35","slug":"dzien-kolorowej-skarpetki","status":"publish","type":"post","link":"https:\/\/sp1.kielce.eu\/index.php\/2020\/03\/20\/dzien-kolorowej-skarpetki\/","title":{"rendered":"Dzie\u0144 Kolorowej Skarpetki"},"content":{"rendered":"\n<p style=\"text-align:center\">B\u0105d\u017a dojrza\u0142y! B\u0105d\u017a tolerancyjny!<br>\u201eO dojrza\u0142o\u015bci cz\u0142owieka \u015bwiadczy jego stosunek do drugiego cz\u0142owieka\u201d.<\/p>\n\n\n\n<p>Pedagog szkolny i\u00a0Samorz\u0105d Uczniowski wirtualnie w\u0142\u0105czaj\u0105 si\u0119 w\u00a0akcj\u0119 organizowan\u0105 przez Fundacj\u0119 \u201eKochaj mnie\u2026 Po prostu\u201d &#8211; \u00a0\u201eGratis 21\u201d<\/p>\n\n\n\n<p style=\"text-align:center\"><strong>Dzie\u0144 Kolorowej Skarpetki.<\/strong><\/p>\n\n\n\n<p>Ze wzgl\u0119du na zaistnia\u0142\u0105 sytuacj\u0119, zach\u0119camy t\u0105 drog\u0105, ca\u0142\u0105 spo\u0142eczno\u015b\u0107 naszej szko\u0142y do wzi\u0119cia udzia\u0142u w\u00a0obchodach<strong> \u015awiatowego Dnia Os\u00f3b z\u00a0Zespo\u0142em Downa<\/strong>, kt\u00f3ry przypada 21 marca.<br>W\u00a0tym dniu radio eM Kielce 107,9 o\u00a0godzinie 11.11 oraz 21.21 na swojej cz\u0119stotliwo\u015bci wyemituje s\u0142uchowisko &#8222;Bajkowa Kraina&#8221;. Zach\u0119camy wi\u0119c jutro naszych uczni\u00f3w do ods\u0142uchania go w\u00a0domu, mo\u017ce uda si\u0119 to zrobi\u0107 z\u00a0ca\u0142\u0105 rodzin\u0105?<strong> Za\u0142\u00f3\u017cmy skarpetki nie do pary (symbol os\u00f3b z\u00a0Zespo\u0142em Downa).<\/strong><\/p>\n\n\n\n<p style=\"text-align:center\"><strong>Poka\u017cmy, \u017ce i\u00a0w\u00a0takich momentach jak teraz, spo\u0142eczno\u015b\u0107<\/strong> <br><strong>Szko\u0142y Podstawowej nr\u00a01 w\u00a0Kielcach potrafi by\u0107 razem.<\/strong><\/p>\n\n\n\n<p><strong>To nic, \u017ce nie\nmo\u017cemy biega\u0107 po szkolnych korytarzach w dw\u00f3ch r\u00f3\u017cnych skarpetkach!<\/strong><\/p>\n\n\n\n<p style=\"text-align:right\">\u00a0Pedagog szkolny <br>Opiekunowie SU<\/p>\n\n\n\n<ul class=\"wp-block-gallery columns-1 is-cropped wp-block-gallery-1 is-layout-flex wp-block-gallery-is-layout-flex\"><li class=\"blocks-gallery-item\"><figure><img loading=\"lazy\" decoding=\"async\" width=\"1200\" height=\"477\" src=\"http:\/\/sp1.kielce.eu\/wp-content\/uploads\/2020\/03\/skarp-Copy.jpg\" alt=\"\" data-id=\"11792\" data-link=\"http:\/\/sp1.kielce.eu\/?attachment_id=11792\" class=\"wp-image-11792\" srcset=\"https:\/\/sp1.kielce.eu\/wp-content\/uploads\/2020\/03\/skarp-Copy.jpg 1200w, https:\/\/sp1.kielce.eu\/wp-content\/uploads\/2020\/03\/skarp-Copy-300x119.jpg 300w, https:\/\/sp1.kielce.eu\/wp-content\/uploads\/2020\/03\/skarp-Copy-768x305.jpg 768w, https:\/\/sp1.kielce.eu\/wp-content\/uploads\/2020\/03\/skarp-Copy-820x326.jpg 820w\" sizes=\"auto, (max-width: 1200px) 100vw, 1200px\" \/><\/figure><\/li><\/ul>\n\n\n\n<p><\/p>\n","protected":false},"excerpt":{"rendered":"<p>B\u0105d\u017a dojrza\u0142y! B\u0105d\u017a tolerancyjny!\u201eO dojrza\u0142o\u015bci cz\u0142owieka \u015bwiadczy jego stosunek do drugiego cz\u0142owieka\u201d. Pedagog szkolny i\u00a0Samorz\u0105d [&hellip;]<\/p>\n","protected":false},"author":13,"featured_media":11791,"comment_status":"closed","ping_status":"open","sticky":false,"template":"","format":"standard","meta":{"footnotes":""},"categories":[1,170,18],"tags":[],"class_list":["post-11790","post","type-post","status-publish","format-standard","has-post-thumbnail","hentry","category-bez-kategorii","category-msu","category-samorzad-uczniowoski"],"_links":{"self":[{"href":"https:\/\/sp1.kielce.eu\/index.php\/wp-json\/wp\/v2\/posts\/11790","targetHints":{"allow":["GET"]}}],"collection":[{"href":"https:\/\/sp1.kielce.eu\/index.php\/wp-json\/wp\/v2\/posts"}],"about":[{"href":"https:\/\/sp1.kielce.eu\/index.php\/wp-json\/wp\/v2\/types\/post"}],"author":[{"embeddable":true,"href":"https:\/\/sp1.kielce.eu\/index.php\/wp-json\/wp\/v2\/users\/13"}],"replies":[{"embeddable":true,"href":"https:\/\/sp1.kielce.eu\/index.php\/wp-json\/wp\/v2\/comments?post=11790"}],"version-history":[{"count":2,"href":"https:\/\/sp1.kielce.eu\/index.php\/wp-json\/wp\/v2\/posts\/11790\/revisions"}],"predecessor-version":[{"id":11794,"href":"https:\/\/sp1.kielce.eu\/index.php\/wp-json\/wp\/v2\/posts\/11790\/revisions\/11794"}],"wp:featuredmedia":[{"embeddable":true,"href":"https:\/\/sp1.kielce.eu\/index.php\/wp-json\/wp\/v2\/media\/11791"}],"wp:attachment":[{"href":"https:\/\/sp1.kielce.eu\/index.php\/wp-json\/wp\/v2\/media?parent=11790"}],"wp:term":[{"taxonomy":"category","embeddable":true,"href":"https:\/\/sp1.kielce.eu\/index.php\/wp-json\/wp\/v2\/categories?post=11790"},{"taxonomy":"post_tag","embeddable":true,"href":"https:\/\/sp1.kielce.eu\/index.php\/wp-json\/wp\/v2\/tags?post=11790"}],"curies":[{"name":"wp","href":"https:\/\/api.w.org\/{rel}","templated":true}]}}