{"id":11743,"date":"2020-03-16T10:50:23","date_gmt":"2020-03-16T09:50:23","guid":{"rendered":"http:\/\/sp1.kielce.eu\/?p=11743"},"modified":"2020-03-16T10:50:23","modified_gmt":"2020-03-16T09:50:23","slug":"udzial-w-maratonie-matematycznym-w-vi-lo-im-juliusza-slowackiego","status":"publish","type":"post","link":"https:\/\/sp1.kielce.eu\/index.php\/2020\/03\/16\/udzial-w-maratonie-matematycznym-w-vi-lo-im-juliusza-slowackiego\/","title":{"rendered":"Udzia\u0142 w \u201eMaratonie matematycznym\u201d w VI LO im. Juliusza S\u0142owackiego"},"content":{"rendered":"\n<p>Dnia 10.03.2020 w VI LO\nim. Juliusza S\u0142owackiego w Kielcach odby\u0142 si\u0119 \u201eMaraton matematyczny w j\u0119zyku\nangielskim dla szk\u00f3\u0142 podstawowych\u201d. Cele konkursu to pog\u0142\u0119bianie zainteresowa\u0144\nmatematycznych, kszta\u0142towanie umiej\u0119tno\u015bci pracy w grupie, rozwijanie\numiej\u0119tno\u015bci rozumienia zada\u0144 w j\u0119zyku angielskim. Nasz\u0105 szko\u0142\u0119 reprezentowa\u0142a\ntrzyosobowa dru\u017cyna wy\u0142oniona w szkolnych eliminacjach, kt\u00f3ra uda\u0142a si\u0119 do\nliceum pod opiek\u0105 p.Renaty Kozie\u0142. W jej sk\u0142ad weszli Amelia Januchta 8b,Wiktor\nJab\u0142o\u0144ski 8a i Maciej Kr\u00f3l 8a. Ka\u017cdy zesp\u00f3\u0142 rozwi\u0105zywa\u0142 zadania&nbsp; matematyczne przygotowane przez nauczycieli i\nuczni\u00f3wz VI Liceum Og\u00f3lnokszta\u0142c\u0105cego w czasie trzech godzin. Z niecierpliwo\u015bci\u0105\nczekamy na wyniki i trzymamy kciuki za nasz\u0105 dru\u017cyn\u0119.<\/p>\n\n\n\n<p style=\"text-align:right\">Anna\nMazur &#8211; n-ciel matematyki<\/p>\n\n\n\n<ul class=\"wp-block-gallery columns-2 is-cropped wp-block-gallery-1 is-layout-flex wp-block-gallery-is-layout-flex\"><li class=\"blocks-gallery-item\"><figure><a href=\"http:\/\/sp1.kielce.eu\/wp-content\/uploads\/2020\/03\/01-maraton.jpg\"><img loading=\"lazy\" decoding=\"async\" width=\"1035\" height=\"714\" src=\"http:\/\/sp1.kielce.eu\/wp-content\/uploads\/2020\/03\/01-maraton.jpg\" alt=\"\" data-id=\"11744\" data-link=\"http:\/\/sp1.kielce.eu\/?attachment_id=11744\" class=\"wp-image-11744\" srcset=\"https:\/\/sp1.kielce.eu\/wp-content\/uploads\/2020\/03\/01-maraton.jpg 1035w, https:\/\/sp1.kielce.eu\/wp-content\/uploads\/2020\/03\/01-maraton-300x207.jpg 300w, https:\/\/sp1.kielce.eu\/wp-content\/uploads\/2020\/03\/01-maraton-768x530.jpg 768w, https:\/\/sp1.kielce.eu\/wp-content\/uploads\/2020\/03\/01-maraton-820x566.jpg 820w\" sizes=\"auto, (max-width: 1035px) 100vw, 1035px\" \/><\/a><figcaption>1<\/figcaption><\/figure><\/li><li class=\"blocks-gallery-item\"><figure><a href=\"http:\/\/sp1.kielce.eu\/wp-content\/uploads\/2020\/03\/02-maraton-651x900.jpg\"><img loading=\"lazy\" decoding=\"async\" width=\"651\" height=\"900\" src=\"http:\/\/sp1.kielce.eu\/wp-content\/uploads\/2020\/03\/02-maraton-651x900.jpg\" alt=\"\" data-id=\"11745\" data-link=\"http:\/\/sp1.kielce.eu\/?attachment_id=11745\" class=\"wp-image-11745\" srcset=\"https:\/\/sp1.kielce.eu\/wp-content\/uploads\/2020\/03\/02-maraton-651x900.jpg 651w, https:\/\/sp1.kielce.eu\/wp-content\/uploads\/2020\/03\/02-maraton-217x300.jpg 217w, https:\/\/sp1.kielce.eu\/wp-content\/uploads\/2020\/03\/02-maraton.jpg 717w\" sizes=\"auto, (max-width: 651px) 100vw, 651px\" \/><\/a><figcaption>2<\/figcaption><\/figure><\/li><\/ul>\n","protected":false},"excerpt":{"rendered":"<p>Dnia 10.03.2020 w VI LO im. Juliusza S\u0142owackiego w Kielcach odby\u0142 si\u0119 \u201eMaraton matematyczny w [&hellip;]<\/p>\n","protected":false},"author":5,"featured_media":11745,"comment_status":"closed","ping_status":"open","sticky":false,"template":"","format":"standard","meta":{"footnotes":""},"categories":[36],"tags":[],"class_list":["post-11743","post","type-post","status-publish","format-standard","has-post-thumbnail","hentry","category-wydarzenia"],"_links":{"self":[{"href":"https:\/\/sp1.kielce.eu\/index.php\/wp-json\/wp\/v2\/posts\/11743","targetHints":{"allow":["GET"]}}],"collection":[{"href":"https:\/\/sp1.kielce.eu\/index.php\/wp-json\/wp\/v2\/posts"}],"about":[{"href":"https:\/\/sp1.kielce.eu\/index.php\/wp-json\/wp\/v2\/types\/post"}],"author":[{"embeddable":true,"href":"https:\/\/sp1.kielce.eu\/index.php\/wp-json\/wp\/v2\/users\/5"}],"replies":[{"embeddable":true,"href":"https:\/\/sp1.kielce.eu\/index.php\/wp-json\/wp\/v2\/comments?post=11743"}],"version-history":[{"count":1,"href":"https:\/\/sp1.kielce.eu\/index.php\/wp-json\/wp\/v2\/posts\/11743\/revisions"}],"predecessor-version":[{"id":11746,"href":"https:\/\/sp1.kielce.eu\/index.php\/wp-json\/wp\/v2\/posts\/11743\/revisions\/11746"}],"wp:featuredmedia":[{"embeddable":true,"href":"https:\/\/sp1.kielce.eu\/index.php\/wp-json\/wp\/v2\/media\/11745"}],"wp:attachment":[{"href":"https:\/\/sp1.kielce.eu\/index.php\/wp-json\/wp\/v2\/media?parent=11743"}],"wp:term":[{"taxonomy":"category","embeddable":true,"href":"https:\/\/sp1.kielce.eu\/index.php\/wp-json\/wp\/v2\/categories?post=11743"},{"taxonomy":"post_tag","embeddable":true,"href":"https:\/\/sp1.kielce.eu\/index.php\/wp-json\/wp\/v2\/tags?post=11743"}],"curies":[{"name":"wp","href":"https:\/\/api.w.org\/{rel}","templated":true}]}}