{"id":11659,"date":"2020-03-10T12:14:55","date_gmt":"2020-03-10T11:14:55","guid":{"rendered":"http:\/\/sp1.kielce.eu\/?p=11659"},"modified":"2020-03-10T12:14:55","modified_gmt":"2020-03-10T11:14:55","slug":"konkurs-galileo","status":"publish","type":"post","link":"https:\/\/sp1.kielce.eu\/index.php\/2020\/03\/10\/konkurs-galileo\/","title":{"rendered":"Konkurs Galileo"},"content":{"rendered":"\n<p>\nW dniach 04.03.2020 r. i 05.03.2020 r. uczniowie naszej szko\u0142y\nwzi\u0119li udzia\u0142 w Og\u00f3lnopolskim Konkursie Galileo z fizyki i z\nchemii organizowanym przez Centrum Edukacji Szkolnej. Do testu z\nfizyki przyst\u0105pi\u0142o \u0142\u0105cznie 8 uczni\u00f3w z klas si\u00f3dmych i \u00f3smych,\nza\u015b z zadaniami z chemii zmierzy\u0142o si\u0119 15 uczni\u00f3w. Szkolnymi\nkoordynatorami konkursu by\u0142y: p. El\u017cbieta Biesiada (fizyka) oraz p.\nAnna Stradomska (chemia).  \n<\/p>\n\n\n\n<p>\tZ niecierpliwo\u015bci\u0105\nczekamy na og\u0142oszenie wynik\u00f3w, kt\u00f3re planowane jest w pod koniec\nkwietnia. Wszystkim uczniom bior\u0105cym udzia\u0142 w konkursie gratulujemy\nwytrwa\u0142o\u015bci w przygotowaniach oraz doceniamy ch\u0119\u0107 pog\u0142\u0119biania\nwiedzy w wybranej do konkursu tematyce.<\/p>\n\n\n\n<p>                                                                                                     Anna Stradomska<\/p>\n\n\n\n<p>                                                                                                      El\u017cbieta Biesiada<\/p>\n\n\n\n<ul class=\"wp-block-gallery columns-2 is-cropped wp-block-gallery-1 is-layout-flex wp-block-gallery-is-layout-flex\"><li class=\"blocks-gallery-item\"><figure><a href=\"http:\/\/sp1.kielce.eu\/wp-content\/uploads\/2020\/03\/2-Medium.jpg\"><img loading=\"lazy\" decoding=\"async\" width=\"799\" height=\"768\" src=\"http:\/\/sp1.kielce.eu\/wp-content\/uploads\/2020\/03\/2-Medium.jpg\" alt=\"\" data-id=\"11661\" data-link=\"http:\/\/sp1.kielce.eu\/?attachment_id=11661\" class=\"wp-image-11661\" srcset=\"https:\/\/sp1.kielce.eu\/wp-content\/uploads\/2020\/03\/2-Medium.jpg 799w, https:\/\/sp1.kielce.eu\/wp-content\/uploads\/2020\/03\/2-Medium-300x288.jpg 300w, https:\/\/sp1.kielce.eu\/wp-content\/uploads\/2020\/03\/2-Medium-768x738.jpg 768w\" sizes=\"auto, (max-width: 799px) 100vw, 799px\" \/><\/a><figcaption>1<\/figcaption><\/figure><\/li><li class=\"blocks-gallery-item\"><figure><a href=\"http:\/\/sp1.kielce.eu\/wp-content\/uploads\/2020\/03\/3-Medium.jpg\"><img loading=\"lazy\" decoding=\"async\" width=\"1024\" height=\"768\" src=\"http:\/\/sp1.kielce.eu\/wp-content\/uploads\/2020\/03\/3-Medium.jpg\" alt=\"\" data-id=\"11662\" data-link=\"http:\/\/sp1.kielce.eu\/?attachment_id=11662\" class=\"wp-image-11662\" srcset=\"https:\/\/sp1.kielce.eu\/wp-content\/uploads\/2020\/03\/3-Medium.jpg 1024w, https:\/\/sp1.kielce.eu\/wp-content\/uploads\/2020\/03\/3-Medium-300x225.jpg 300w, https:\/\/sp1.kielce.eu\/wp-content\/uploads\/2020\/03\/3-Medium-768x576.jpg 768w, https:\/\/sp1.kielce.eu\/wp-content\/uploads\/2020\/03\/3-Medium-820x615.jpg 820w\" sizes=\"auto, (max-width: 1024px) 100vw, 1024px\" \/><\/a><figcaption>2<\/figcaption><\/figure><\/li><\/ul>\n","protected":false},"excerpt":{"rendered":"<p>W dniach 04.03.2020 r. i 05.03.2020 r. uczniowie naszej szko\u0142y wzi\u0119li udzia\u0142 w Og\u00f3lnopolskim Konkursie [&hellip;]<\/p>\n","protected":false},"author":5,"featured_media":11660,"comment_status":"closed","ping_status":"open","sticky":false,"template":"","format":"standard","meta":{"footnotes":""},"categories":[36],"tags":[],"class_list":["post-11659","post","type-post","status-publish","format-standard","has-post-thumbnail","hentry","category-wydarzenia"],"_links":{"self":[{"href":"https:\/\/sp1.kielce.eu\/index.php\/wp-json\/wp\/v2\/posts\/11659","targetHints":{"allow":["GET"]}}],"collection":[{"href":"https:\/\/sp1.kielce.eu\/index.php\/wp-json\/wp\/v2\/posts"}],"about":[{"href":"https:\/\/sp1.kielce.eu\/index.php\/wp-json\/wp\/v2\/types\/post"}],"author":[{"embeddable":true,"href":"https:\/\/sp1.kielce.eu\/index.php\/wp-json\/wp\/v2\/users\/5"}],"replies":[{"embeddable":true,"href":"https:\/\/sp1.kielce.eu\/index.php\/wp-json\/wp\/v2\/comments?post=11659"}],"version-history":[{"count":1,"href":"https:\/\/sp1.kielce.eu\/index.php\/wp-json\/wp\/v2\/posts\/11659\/revisions"}],"predecessor-version":[{"id":11663,"href":"https:\/\/sp1.kielce.eu\/index.php\/wp-json\/wp\/v2\/posts\/11659\/revisions\/11663"}],"wp:featuredmedia":[{"embeddable":true,"href":"https:\/\/sp1.kielce.eu\/index.php\/wp-json\/wp\/v2\/media\/11660"}],"wp:attachment":[{"href":"https:\/\/sp1.kielce.eu\/index.php\/wp-json\/wp\/v2\/media?parent=11659"}],"wp:term":[{"taxonomy":"category","embeddable":true,"href":"https:\/\/sp1.kielce.eu\/index.php\/wp-json\/wp\/v2\/categories?post=11659"},{"taxonomy":"post_tag","embeddable":true,"href":"https:\/\/sp1.kielce.eu\/index.php\/wp-json\/wp\/v2\/tags?post=11659"}],"curies":[{"name":"wp","href":"https:\/\/api.w.org\/{rel}","templated":true}]}}