{"id":11533,"date":"2020-03-06T00:23:27","date_gmt":"2020-03-05T23:23:27","guid":{"rendered":"http:\/\/sp1.kielce.eu\/?p=11533"},"modified":"2020-07-05T13:02:40","modified_gmt":"2020-07-05T11:02:40","slug":"sukcesy-uczniow-jedynki-2","status":"publish","type":"post","link":"https:\/\/sp1.kielce.eu\/index.php\/2020\/03\/06\/sukcesy-uczniow-jedynki-2\/","title":{"rendered":"SUKCESY UCZNI\u00d3W JEDYNKI"},"content":{"rendered":"\n<p>Mi\u0142o nam poinformowa\u0107, \u017ce <strong>Finalistam<\/strong>i wojew\u00f3dzkich konkurs\u00f3w\nprzedmiotowych zostali:<\/p>\n\n\n\n<p><strong>Wojciech Graba<\/strong> (7c)<br><strong>Finalista<\/strong> III Wojew\u00f3dzkiego Konkursu Przedmiotowego z&nbsp;J\u0119zyka Polskiego dla uczni\u00f3w szk\u00f3\u0142 podstawowych (opiekun: Renata Petrus), <br><strong>Finalista<\/strong> I Wojew\u00f3dzkiego Konkursu z&nbsp;Historii dla uczni\u00f3w podstawowych (opiekun: Katarzyna Szostak),<br><strong>Finalista<\/strong> I Wojew\u00f3dzkiego Konkursu z&nbsp;Informatyki dla uczni\u00f3w szk\u00f3\u0142 podstawowych (opiekun: Dariusz St\u0119pie\u0144),<\/p>\n\n\n\n<p><strong>Katarzyna Barucha <\/strong>(7b)<br><strong>Finalistka<\/strong> IV Wojew\u00f3dzkiego Konkursu z Matematyki dla uczni\u00f3w szk\u00f3\u0142 podstawowych (opiekun: Urszula Sodel),<\/p>\n\n\n\n<p><strong>J\u00f3zefina<\/strong> <strong>Caraco<\/strong> (4b)<br><strong>Finalistka<\/strong> II Wojew\u00f3dzkiego Konkursu z&nbsp;J\u0119zyka Niemieckiego dla uczni\u00f3w szk\u00f3\u0142 podstawowych (opiekun: Ewa Stachura) .<\/p>\n\n\n\n<div class=\"wp-block-image\"><figure class=\"alignright\"><img loading=\"lazy\" decoding=\"async\" width=\"132\" height=\"106\" src=\"http:\/\/sp1.kielce.eu\/wp-content\/uploads\/2020\/03\/obraz.png\" alt=\"\" class=\"wp-image-11537\"\/><\/figure><\/div>\n\n\n\n<p>Finalistom i Nauczycielom opiekunom serdecznie GRATULUJEMY <\/p>\n\n\n\n<p><\/p>\n","protected":false},"excerpt":{"rendered":"<p>Mi\u0142o nam poinformowa\u0107, \u017ce Finalistami wojew\u00f3dzkich konkurs\u00f3w przedmiotowych zostali: Wojciech Graba (7c)Finalista III Wojew\u00f3dzkiego Konkursu [&hellip;]<\/p>\n","protected":false},"author":13,"featured_media":11528,"comment_status":"closed","ping_status":"open","sticky":false,"template":"","format":"standard","meta":{"footnotes":""},"categories":[10,21],"tags":[],"class_list":["post-11533","post","type-post","status-publish","format-standard","has-post-thumbnail","hentry","category-konkursy-przedmiotowe","category-konkursy"],"_links":{"self":[{"href":"https:\/\/sp1.kielce.eu\/index.php\/wp-json\/wp\/v2\/posts\/11533","targetHints":{"allow":["GET"]}}],"collection":[{"href":"https:\/\/sp1.kielce.eu\/index.php\/wp-json\/wp\/v2\/posts"}],"about":[{"href":"https:\/\/sp1.kielce.eu\/index.php\/wp-json\/wp\/v2\/types\/post"}],"author":[{"embeddable":true,"href":"https:\/\/sp1.kielce.eu\/index.php\/wp-json\/wp\/v2\/users\/13"}],"replies":[{"embeddable":true,"href":"https:\/\/sp1.kielce.eu\/index.php\/wp-json\/wp\/v2\/comments?post=11533"}],"version-history":[{"count":11,"href":"https:\/\/sp1.kielce.eu\/index.php\/wp-json\/wp\/v2\/posts\/11533\/revisions"}],"predecessor-version":[{"id":12592,"href":"https:\/\/sp1.kielce.eu\/index.php\/wp-json\/wp\/v2\/posts\/11533\/revisions\/12592"}],"wp:featuredmedia":[{"embeddable":true,"href":"https:\/\/sp1.kielce.eu\/index.php\/wp-json\/wp\/v2\/media\/11528"}],"wp:attachment":[{"href":"https:\/\/sp1.kielce.eu\/index.php\/wp-json\/wp\/v2\/media?parent=11533"}],"wp:term":[{"taxonomy":"category","embeddable":true,"href":"https:\/\/sp1.kielce.eu\/index.php\/wp-json\/wp\/v2\/categories?post=11533"},{"taxonomy":"post_tag","embeddable":true,"href":"https:\/\/sp1.kielce.eu\/index.php\/wp-json\/wp\/v2\/tags?post=11533"}],"curies":[{"name":"wp","href":"https:\/\/api.w.org\/{rel}","templated":true}]}}