{"id":11471,"date":"2020-03-02T16:34:03","date_gmt":"2020-03-02T15:34:03","guid":{"rendered":"http:\/\/sp1.kielce.eu\/?p=11471"},"modified":"2020-03-02T16:34:03","modified_gmt":"2020-03-02T15:34:03","slug":"final-konkursu-moja-rada-na-odpada","status":"publish","type":"post","link":"https:\/\/sp1.kielce.eu\/index.php\/2020\/03\/02\/final-konkursu-moja-rada-na-odpada\/","title":{"rendered":"Fina\u0142 konkursu \u201eMoja rada na odpada\u201d"},"content":{"rendered":"\n<p>27 lutego w\u00a0Wojew\u00f3dzkim Domu Kultury odby\u0142a si\u0119 uroczysta gala podsumowuj\u0105ca kolejn\u0105 edycj\u0119 konkursu \u201eMoja rada na odpada\u201d, organizowanego przez kieleck\u0105 Stra\u017c Miejsk\u0105. Uczniowie naszej szko\u0142y po raz kolejny brali udzia\u0142 w\u00a0konkursie. Oto laureaci i\u00a0wyr\u00f3\u017cnieni uczniowie. Serdecznie gratulujemy i \u017cyczymy dalszych sukces\u00f3w.<\/p>\n\n\n\n<p>II miejsce w kat. III<br> Natalia Tomaszewska kl Ia<\/p>\n\n\n\n<p>Walory artystyczne kat. III<br> \u00a0Mi\u0142osz Czechowicz kl Ia<\/p>\n\n\n\n<p>Walory artystyczne w kat. IV<br> \u00a0Oliwier Kusiej kl Va<\/p>\n\n\n\n<p style=\"text-align:right\">opiekunowie: Aneta Trzci\u0144ska<br> Kinga Kozie\u0142<\/p>\n\n\n\n<ul class=\"wp-block-gallery columns-3 is-cropped wp-block-gallery-1 is-layout-flex wp-block-gallery-is-layout-flex\"><li class=\"blocks-gallery-item\"><figure><a href=\"http:\/\/sp1.kielce.eu\/wp-content\/uploads\/2020\/03\/20200227_131435-Copy-1200x900.jpg\"><img loading=\"lazy\" decoding=\"async\" width=\"1200\" height=\"900\" src=\"http:\/\/sp1.kielce.eu\/wp-content\/uploads\/2020\/03\/20200227_131435-Copy-1200x900.jpg\" alt=\"\" data-id=\"11472\" data-link=\"http:\/\/sp1.kielce.eu\/?attachment_id=11472\" class=\"wp-image-11472\" srcset=\"https:\/\/sp1.kielce.eu\/wp-content\/uploads\/2020\/03\/20200227_131435-Copy.jpg 1200w, https:\/\/sp1.kielce.eu\/wp-content\/uploads\/2020\/03\/20200227_131435-Copy-300x225.jpg 300w, https:\/\/sp1.kielce.eu\/wp-content\/uploads\/2020\/03\/20200227_131435-Copy-768x576.jpg 768w, https:\/\/sp1.kielce.eu\/wp-content\/uploads\/2020\/03\/20200227_131435-Copy-820x615.jpg 820w\" sizes=\"auto, (max-width: 1200px) 100vw, 1200px\" \/><\/a><\/figure><\/li><li class=\"blocks-gallery-item\"><figure><a href=\"http:\/\/sp1.kielce.eu\/wp-content\/uploads\/2020\/03\/20200227_131850-Copy-675x900.jpg\"><img loading=\"lazy\" decoding=\"async\" width=\"675\" height=\"900\" src=\"http:\/\/sp1.kielce.eu\/wp-content\/uploads\/2020\/03\/20200227_131850-Copy-675x900.jpg\" alt=\"\" data-id=\"11473\" data-link=\"http:\/\/sp1.kielce.eu\/?attachment_id=11473\" class=\"wp-image-11473\" srcset=\"https:\/\/sp1.kielce.eu\/wp-content\/uploads\/2020\/03\/20200227_131850-Copy.jpg 675w, https:\/\/sp1.kielce.eu\/wp-content\/uploads\/2020\/03\/20200227_131850-Copy-225x300.jpg 225w\" sizes=\"auto, (max-width: 675px) 100vw, 675px\" \/><\/a><\/figure><\/li><li class=\"blocks-gallery-item\"><figure><a href=\"http:\/\/sp1.kielce.eu\/wp-content\/uploads\/2020\/03\/20200227_220545-Copy-921x900.jpg\"><img loading=\"lazy\" decoding=\"async\" width=\"921\" height=\"900\" src=\"http:\/\/sp1.kielce.eu\/wp-content\/uploads\/2020\/03\/20200227_220545-Copy-921x900.jpg\" alt=\"\" data-id=\"11474\" data-link=\"http:\/\/sp1.kielce.eu\/?attachment_id=11474\" class=\"wp-image-11474\" srcset=\"https:\/\/sp1.kielce.eu\/wp-content\/uploads\/2020\/03\/20200227_220545-Copy.jpg 921w, https:\/\/sp1.kielce.eu\/wp-content\/uploads\/2020\/03\/20200227_220545-Copy-300x293.jpg 300w, https:\/\/sp1.kielce.eu\/wp-content\/uploads\/2020\/03\/20200227_220545-Copy-768x750.jpg 768w, https:\/\/sp1.kielce.eu\/wp-content\/uploads\/2020\/03\/20200227_220545-Copy-820x801.jpg 820w\" sizes=\"auto, (max-width: 921px) 100vw, 921px\" \/><\/a><\/figure><\/li><\/ul>\n","protected":false},"excerpt":{"rendered":"<p>27 lutego w\u00a0Wojew\u00f3dzkim Domu Kultury odby\u0142a si\u0119 uroczysta gala podsumowuj\u0105ca kolejn\u0105 edycj\u0119 konkursu \u201eMoja rada [&hellip;]<\/p>\n","protected":false},"author":13,"featured_media":11474,"comment_status":"closed","ping_status":"open","sticky":false,"template":"","format":"standard","meta":{"footnotes":""},"categories":[36,21],"tags":[],"class_list":["post-11471","post","type-post","status-publish","format-standard","has-post-thumbnail","hentry","category-wydarzenia","category-konkursy"],"_links":{"self":[{"href":"https:\/\/sp1.kielce.eu\/index.php\/wp-json\/wp\/v2\/posts\/11471","targetHints":{"allow":["GET"]}}],"collection":[{"href":"https:\/\/sp1.kielce.eu\/index.php\/wp-json\/wp\/v2\/posts"}],"about":[{"href":"https:\/\/sp1.kielce.eu\/index.php\/wp-json\/wp\/v2\/types\/post"}],"author":[{"embeddable":true,"href":"https:\/\/sp1.kielce.eu\/index.php\/wp-json\/wp\/v2\/users\/13"}],"replies":[{"embeddable":true,"href":"https:\/\/sp1.kielce.eu\/index.php\/wp-json\/wp\/v2\/comments?post=11471"}],"version-history":[{"count":1,"href":"https:\/\/sp1.kielce.eu\/index.php\/wp-json\/wp\/v2\/posts\/11471\/revisions"}],"predecessor-version":[{"id":11475,"href":"https:\/\/sp1.kielce.eu\/index.php\/wp-json\/wp\/v2\/posts\/11471\/revisions\/11475"}],"wp:featuredmedia":[{"embeddable":true,"href":"https:\/\/sp1.kielce.eu\/index.php\/wp-json\/wp\/v2\/media\/11474"}],"wp:attachment":[{"href":"https:\/\/sp1.kielce.eu\/index.php\/wp-json\/wp\/v2\/media?parent=11471"}],"wp:term":[{"taxonomy":"category","embeddable":true,"href":"https:\/\/sp1.kielce.eu\/index.php\/wp-json\/wp\/v2\/categories?post=11471"},{"taxonomy":"post_tag","embeddable":true,"href":"https:\/\/sp1.kielce.eu\/index.php\/wp-json\/wp\/v2\/tags?post=11471"}],"curies":[{"name":"wp","href":"https:\/\/api.w.org\/{rel}","templated":true}]}}