{"id":11466,"date":"2020-03-02T16:02:38","date_gmt":"2020-03-02T15:02:38","guid":{"rendered":"http:\/\/sp1.kielce.eu\/?p=11466"},"modified":"2020-03-02T16:02:38","modified_gmt":"2020-03-02T15:02:38","slug":"wycieczka-na-wystawe-strach-w-muzeum-narodowym","status":"publish","type":"post","link":"https:\/\/sp1.kielce.eu\/index.php\/2020\/03\/02\/wycieczka-na-wystawe-strach-w-muzeum-narodowym\/","title":{"rendered":"Wycieczka na wystaw\u0119 &#8221; Strach&#8221; w Muzeum Narodowym"},"content":{"rendered":"\n<p>\n\nW ramach zaj\u0119\u0107 rozwijaj\u0105cych zainteresowania plastyczne dla klasy 6a odby\u0142a si\u0119 wycieczka do Muzeum Narodowego w Kielcach.<br>Poprzez dzie\u0142a sztuki autorzy wystawy snuj\u0105 opowie\u015b\u0107 o strachu obecnym zar\u00f3wno w indywidualnym \u017cyciu, jak i tym w wymiarze og\u00f3lnoludzkim.Na wystawie prezentowane s\u0105 dzie\u0142a min. Zdzis\u0142awa Beksi\u0144skiego.Pokaz dope\u0142nia obraz Salvatora Dali &#8222;Pies andaluzyjski&#8221; oraz gra komputerowa &#8222;Layers of fear&#8221;.<br>&nbsp;Poniewa\u017c wystaw\u0119 mo\u017cna ogl\u0105da\u0107 tylko do 29 marca 2020 zach\u0119cam uczni\u00f3w klas starszych do odwiedzenia tej ciekawej ekspozycji.<br>Anna&nbsp;Materny\n\n<\/p>\n\n\n\n<ul class=\"wp-block-gallery columns-3 is-cropped wp-block-gallery-1 is-layout-flex wp-block-gallery-is-layout-flex\"><li class=\"blocks-gallery-item\"><figure><a href=\"http:\/\/sp1.kielce.eu\/wp-content\/uploads\/2020\/03\/20200229_233521-Medium.jpg\"><img loading=\"lazy\" decoding=\"async\" width=\"1304\" height=\"768\" src=\"http:\/\/sp1.kielce.eu\/wp-content\/uploads\/2020\/03\/20200229_233521-Medium.jpg\" alt=\"\" data-id=\"11467\" data-link=\"http:\/\/sp1.kielce.eu\/?attachment_id=11467\" class=\"wp-image-11467\" srcset=\"https:\/\/sp1.kielce.eu\/wp-content\/uploads\/2020\/03\/20200229_233521-Medium.jpg 1304w, https:\/\/sp1.kielce.eu\/wp-content\/uploads\/2020\/03\/20200229_233521-Medium-300x177.jpg 300w, https:\/\/sp1.kielce.eu\/wp-content\/uploads\/2020\/03\/20200229_233521-Medium-768x452.jpg 768w, https:\/\/sp1.kielce.eu\/wp-content\/uploads\/2020\/03\/20200229_233521-Medium-820x483.jpg 820w\" sizes=\"auto, (max-width: 1304px) 100vw, 1304px\" \/><\/a><figcaption>1<\/figcaption><\/figure><\/li><li class=\"blocks-gallery-item\"><figure><a href=\"http:\/\/sp1.kielce.eu\/wp-content\/uploads\/2020\/03\/20200229_233547-Medium-742x900.jpg\"><img loading=\"lazy\" decoding=\"async\" width=\"742\" height=\"900\" src=\"http:\/\/sp1.kielce.eu\/wp-content\/uploads\/2020\/03\/20200229_233547-Medium-742x900.jpg\" alt=\"\" data-id=\"11468\" data-link=\"http:\/\/sp1.kielce.eu\/?attachment_id=11468\" class=\"wp-image-11468\" srcset=\"https:\/\/sp1.kielce.eu\/wp-content\/uploads\/2020\/03\/20200229_233547-Medium-742x900.jpg 742w, https:\/\/sp1.kielce.eu\/wp-content\/uploads\/2020\/03\/20200229_233547-Medium-247x300.jpg 247w, https:\/\/sp1.kielce.eu\/wp-content\/uploads\/2020\/03\/20200229_233547-Medium.jpg 768w\" sizes=\"auto, (max-width: 742px) 100vw, 742px\" \/><\/a><figcaption>2<\/figcaption><\/figure><\/li><li class=\"blocks-gallery-item\"><figure><a href=\"http:\/\/sp1.kielce.eu\/wp-content\/uploads\/2020\/03\/20200229_233637-Medium.jpg\"><img loading=\"lazy\" decoding=\"async\" width=\"768\" height=\"810\" src=\"http:\/\/sp1.kielce.eu\/wp-content\/uploads\/2020\/03\/20200229_233637-Medium.jpg\" alt=\"\" data-id=\"11469\" data-link=\"http:\/\/sp1.kielce.eu\/?attachment_id=11469\" class=\"wp-image-11469\" srcset=\"https:\/\/sp1.kielce.eu\/wp-content\/uploads\/2020\/03\/20200229_233637-Medium.jpg 768w, https:\/\/sp1.kielce.eu\/wp-content\/uploads\/2020\/03\/20200229_233637-Medium-284x300.jpg 284w\" sizes=\"auto, (max-width: 768px) 100vw, 768px\" \/><\/a><figcaption>3<\/figcaption><\/figure><\/li><\/ul>\n","protected":false},"excerpt":{"rendered":"<p>W ramach zaj\u0119\u0107 rozwijaj\u0105cych zainteresowania plastyczne dla klasy 6a odby\u0142a si\u0119 wycieczka do Muzeum Narodowego [&hellip;]<\/p>\n","protected":false},"author":5,"featured_media":11468,"comment_status":"closed","ping_status":"open","sticky":false,"template":"","format":"standard","meta":{"footnotes":""},"categories":[36],"tags":[],"class_list":["post-11466","post","type-post","status-publish","format-standard","has-post-thumbnail","hentry","category-wydarzenia"],"_links":{"self":[{"href":"https:\/\/sp1.kielce.eu\/index.php\/wp-json\/wp\/v2\/posts\/11466","targetHints":{"allow":["GET"]}}],"collection":[{"href":"https:\/\/sp1.kielce.eu\/index.php\/wp-json\/wp\/v2\/posts"}],"about":[{"href":"https:\/\/sp1.kielce.eu\/index.php\/wp-json\/wp\/v2\/types\/post"}],"author":[{"embeddable":true,"href":"https:\/\/sp1.kielce.eu\/index.php\/wp-json\/wp\/v2\/users\/5"}],"replies":[{"embeddable":true,"href":"https:\/\/sp1.kielce.eu\/index.php\/wp-json\/wp\/v2\/comments?post=11466"}],"version-history":[{"count":1,"href":"https:\/\/sp1.kielce.eu\/index.php\/wp-json\/wp\/v2\/posts\/11466\/revisions"}],"predecessor-version":[{"id":11470,"href":"https:\/\/sp1.kielce.eu\/index.php\/wp-json\/wp\/v2\/posts\/11466\/revisions\/11470"}],"wp:featuredmedia":[{"embeddable":true,"href":"https:\/\/sp1.kielce.eu\/index.php\/wp-json\/wp\/v2\/media\/11468"}],"wp:attachment":[{"href":"https:\/\/sp1.kielce.eu\/index.php\/wp-json\/wp\/v2\/media?parent=11466"}],"wp:term":[{"taxonomy":"category","embeddable":true,"href":"https:\/\/sp1.kielce.eu\/index.php\/wp-json\/wp\/v2\/categories?post=11466"},{"taxonomy":"post_tag","embeddable":true,"href":"https:\/\/sp1.kielce.eu\/index.php\/wp-json\/wp\/v2\/tags?post=11466"}],"curies":[{"name":"wp","href":"https:\/\/api.w.org\/{rel}","templated":true}]}}