{"id":11456,"date":"2020-03-02T15:55:35","date_gmt":"2020-03-02T14:55:35","guid":{"rendered":"http:\/\/sp1.kielce.eu\/?p=11456"},"modified":"2020-03-02T15:55:35","modified_gmt":"2020-03-02T14:55:35","slug":"miedzynarodowa-konferencja-dotyczaca-wolontariatu-sportowego","status":"publish","type":"post","link":"https:\/\/sp1.kielce.eu\/index.php\/2020\/03\/02\/miedzynarodowa-konferencja-dotyczaca-wolontariatu-sportowego\/","title":{"rendered":"Mi\u0119dzynarodowa konferencja dotycz\u0105ca wolontariatu sportowego"},"content":{"rendered":"\n<p>\n\nOpiekun Szkolnego Ko\u0142a Wolontariatu mia\u0142a okazj\u0119 uczestniczy\u0107 w konferencji organizowanej przez UM Kielce w ramach projektu &#8222;Wolontariat Sportowy w Twoim mie\u015bcie, w Twoim regionie&#8221;. Na konferencji mia\u0142am okazj\u0119 wys\u0142ucha\u0107 wyst\u0105pie\u0144 ekspert\u00f3w -przedstawicieli organizacji wolontariackich, kt\u00f3rzy dzielili si\u0119 wiedz\u0105 z zakresu wsp\u00f3\u0142pracy z wolontariuszami przy organizacji du\u017cych wydarze\u0144 sportowych. Mam nadziej\u0119 ,\u017ce dzi\u0119ki uzyskanym w trakcie tego wydarzenia kontaktom b\u0119d\u0119 mog\u0142a zaanga\u017cowa\u0107 uczni\u00f3w naszej szko\u0142y w wolontariat przy najwi\u0119kszych wydarzeniach sportowych w naszym regionie oraz rozwija\u0107 ide\u0119 wolontariatu sportowego.<br>Anna&nbsp;Materny\n\n<\/p>\n\n\n\n<ul class=\"wp-block-gallery columns-2 is-cropped wp-block-gallery-1 is-layout-flex wp-block-gallery-is-layout-flex\"><li class=\"blocks-gallery-item\"><figure><a href=\"http:\/\/sp1.kielce.eu\/wp-content\/uploads\/2020\/03\/20200229_230811-Medium.jpg\"><img loading=\"lazy\" decoding=\"async\" width=\"1308\" height=\"768\" src=\"http:\/\/sp1.kielce.eu\/wp-content\/uploads\/2020\/03\/20200229_230811-Medium.jpg\" alt=\"\" data-id=\"11457\" data-link=\"http:\/\/sp1.kielce.eu\/?attachment_id=11457\" class=\"wp-image-11457\" srcset=\"https:\/\/sp1.kielce.eu\/wp-content\/uploads\/2020\/03\/20200229_230811-Medium.jpg 1308w, https:\/\/sp1.kielce.eu\/wp-content\/uploads\/2020\/03\/20200229_230811-Medium-300x176.jpg 300w, https:\/\/sp1.kielce.eu\/wp-content\/uploads\/2020\/03\/20200229_230811-Medium-768x451.jpg 768w, https:\/\/sp1.kielce.eu\/wp-content\/uploads\/2020\/03\/20200229_230811-Medium-820x481.jpg 820w\" sizes=\"auto, (max-width: 1308px) 100vw, 1308px\" \/><\/a><figcaption>1<\/figcaption><\/figure><\/li><li class=\"blocks-gallery-item\"><figure><a href=\"http:\/\/sp1.kielce.eu\/wp-content\/uploads\/2020\/03\/20200229_230833-Medium.jpg\"><img loading=\"lazy\" decoding=\"async\" width=\"856\" height=\"768\" src=\"http:\/\/sp1.kielce.eu\/wp-content\/uploads\/2020\/03\/20200229_230833-Medium.jpg\" alt=\"\" data-id=\"11458\" data-link=\"http:\/\/sp1.kielce.eu\/?attachment_id=11458\" class=\"wp-image-11458\" srcset=\"https:\/\/sp1.kielce.eu\/wp-content\/uploads\/2020\/03\/20200229_230833-Medium.jpg 856w, https:\/\/sp1.kielce.eu\/wp-content\/uploads\/2020\/03\/20200229_230833-Medium-300x269.jpg 300w, https:\/\/sp1.kielce.eu\/wp-content\/uploads\/2020\/03\/20200229_230833-Medium-768x689.jpg 768w, https:\/\/sp1.kielce.eu\/wp-content\/uploads\/2020\/03\/20200229_230833-Medium-820x736.jpg 820w\" sizes=\"auto, (max-width: 856px) 100vw, 856px\" \/><\/a><figcaption>2<\/figcaption><\/figure><\/li><\/ul>\n","protected":false},"excerpt":{"rendered":"<p>Opiekun Szkolnego Ko\u0142a Wolontariatu mia\u0142a okazj\u0119 uczestniczy\u0107 w konferencji organizowanej przez UM Kielce w ramach [&hellip;]<\/p>\n","protected":false},"author":5,"featured_media":11458,"comment_status":"closed","ping_status":"open","sticky":false,"template":"","format":"standard","meta":{"footnotes":""},"categories":[36,163],"tags":[],"class_list":["post-11456","post","type-post","status-publish","format-standard","has-post-thumbnail","hentry","category-wydarzenia","category-skw"],"_links":{"self":[{"href":"https:\/\/sp1.kielce.eu\/index.php\/wp-json\/wp\/v2\/posts\/11456","targetHints":{"allow":["GET"]}}],"collection":[{"href":"https:\/\/sp1.kielce.eu\/index.php\/wp-json\/wp\/v2\/posts"}],"about":[{"href":"https:\/\/sp1.kielce.eu\/index.php\/wp-json\/wp\/v2\/types\/post"}],"author":[{"embeddable":true,"href":"https:\/\/sp1.kielce.eu\/index.php\/wp-json\/wp\/v2\/users\/5"}],"replies":[{"embeddable":true,"href":"https:\/\/sp1.kielce.eu\/index.php\/wp-json\/wp\/v2\/comments?post=11456"}],"version-history":[{"count":1,"href":"https:\/\/sp1.kielce.eu\/index.php\/wp-json\/wp\/v2\/posts\/11456\/revisions"}],"predecessor-version":[{"id":11459,"href":"https:\/\/sp1.kielce.eu\/index.php\/wp-json\/wp\/v2\/posts\/11456\/revisions\/11459"}],"wp:featuredmedia":[{"embeddable":true,"href":"https:\/\/sp1.kielce.eu\/index.php\/wp-json\/wp\/v2\/media\/11458"}],"wp:attachment":[{"href":"https:\/\/sp1.kielce.eu\/index.php\/wp-json\/wp\/v2\/media?parent=11456"}],"wp:term":[{"taxonomy":"category","embeddable":true,"href":"https:\/\/sp1.kielce.eu\/index.php\/wp-json\/wp\/v2\/categories?post=11456"},{"taxonomy":"post_tag","embeddable":true,"href":"https:\/\/sp1.kielce.eu\/index.php\/wp-json\/wp\/v2\/tags?post=11456"}],"curies":[{"name":"wp","href":"https:\/\/api.w.org\/{rel}","templated":true}]}}