{"id":11419,"date":"2020-03-03T23:27:26","date_gmt":"2020-03-03T22:27:26","guid":{"rendered":"http:\/\/sp1.kielce.eu\/?p=11419"},"modified":"2020-03-03T23:29:51","modified_gmt":"2020-03-03T22:29:51","slug":"uwaga-2","status":"publish","type":"post","link":"https:\/\/sp1.kielce.eu\/index.php\/2020\/03\/03\/uwaga-2\/","title":{"rendered":"UWAGA!!!"},"content":{"rendered":"\n<p>Dyrekcja Szko\u0142y Podstawowej nr 1&nbsp;im. Stanis\u0142awa Staszica\nw&nbsp;Kielcach zwraca si\u0119 z&nbsp;pro\u015bb\u0105 do rodzic\u00f3w o&nbsp;kontrolowania stanu\nzdrowia swoich dzieci. Prosimy, aby:<\/p>\n\n\n\n<p>\u2022 codziennie mierzy\u0107 temperatur\u0119 cia\u0142a,<br>\u2022 zwr\u00f3ci\u0107 uwag\u0119 na wyst\u0119powanie objaw\u00f3w infekcji (z\u0142e samopoczucie, b\u00f3le mi\u0119\u015bniowe, kaszel, duszno\u015bci).<\/p>\n\n\n\n<p>Prosimy o&nbsp;nie przysy\u0142anie do szko\u0142y dzieci\nprzezi\u0119bionych, a&nbsp;w&nbsp;przypadku, gdy wr\u00f3cili\u015bcie Pa\u0144stwo z&nbsp;region\u00f3w\nzagro\u017cenia koronawirusem i&nbsp;gdy wyst\u0105pi\u0142y objawy grypopodobne, nale\u017cy\nbezzw\u0142ocznie, telefonicznie powiadomi\u0107 stacj\u0119 sanitarno-epidemiologiczn\u0105 lub\nzg\u0142osi\u0107 si\u0119 bezpo\u015brednio do oddzia\u0142u zaka\u017anego lub oddzia\u0142u\nobserwacyjno-zaka\u017anego oraz poinformowa\u0107 Dyrekcj\u0119 Szko\u0142y.<\/p>\n\n\n\n<p>Przypominamy r\u00f3wnie\u017c o&nbsp;konieczno\u015bci przestrzegania zasad\nhigieny w&nbsp;tym: cz\u0119ste mycie r\u0105k wod\u0105 z&nbsp;myd\u0142em, a&nbsp;je\u015bli nie ma\ntakiej mo\u017cliwo\u015bci, np. ich dezynfekcja \u015brodkiem na bazie alkoholu.<\/p>\n\n\n\n<p><strong>&nbsp;&nbsp;&nbsp;&nbsp;&nbsp;&nbsp;&nbsp;&nbsp;&nbsp;&nbsp;&nbsp; Szczeg\u00f3\u0142owe \u015aRODKI OCHRONNE PRZECIWKO KORONAWIRUSOWI znajduj\u0105 si\u0119 na stronie internetowej szko\u0142y \u2013 zak\u0142adka \u201eDla Rodzic\u00f3w\u201d w&nbsp;Informacja G\u0142\u00f3wnego Inspektora Sanitarnego w&nbsp;zwi\u0105zku z&nbsp;potencjalnym ryzykiem zaka\u017cenia koronawirusem, Warszawa, 27.02.2020&nbsp;r.<\/strong> <\/p>\n\n\n\n<p style=\"text-align:right\">Dyrekcja Szko\u0142y <\/p>\n\n\n\n<ul class=\"wp-block-gallery columns-1 is-cropped wp-block-gallery-1 is-layout-flex wp-block-gallery-is-layout-flex\"><li class=\"blocks-gallery-item\"><figure><img loading=\"lazy\" decoding=\"async\" width=\"960\" height=\"868\" src=\"http:\/\/sp1.kielce.eu\/wp-content\/uploads\/2020\/02\/koronawirus.jpg\" alt=\"\" data-id=\"11420\" data-link=\"http:\/\/sp1.kielce.eu\/?attachment_id=11420\" class=\"wp-image-11420\" srcset=\"https:\/\/sp1.kielce.eu\/wp-content\/uploads\/2020\/02\/koronawirus.jpg 960w, https:\/\/sp1.kielce.eu\/wp-content\/uploads\/2020\/02\/koronawirus-300x271.jpg 300w, https:\/\/sp1.kielce.eu\/wp-content\/uploads\/2020\/02\/koronawirus-768x694.jpg 768w, https:\/\/sp1.kielce.eu\/wp-content\/uploads\/2020\/02\/koronawirus-820x741.jpg 820w\" sizes=\"auto, (max-width: 960px) 100vw, 960px\" \/><\/figure><\/li><\/ul>\n","protected":false},"excerpt":{"rendered":"<p>Dyrekcja Szko\u0142y Podstawowej nr 1&nbsp;im. Stanis\u0142awa Staszica w&nbsp;Kielcach zwraca si\u0119 z&nbsp;pro\u015bb\u0105 do rodzic\u00f3w o&nbsp;kontrolowania stanu [&hellip;]<\/p>\n","protected":false},"author":13,"featured_media":1790,"comment_status":"closed","ping_status":"open","sticky":false,"template":"","format":"standard","meta":{"footnotes":""},"categories":[1],"tags":[],"class_list":["post-11419","post","type-post","status-publish","format-standard","has-post-thumbnail","hentry","category-bez-kategorii"],"_links":{"self":[{"href":"https:\/\/sp1.kielce.eu\/index.php\/wp-json\/wp\/v2\/posts\/11419","targetHints":{"allow":["GET"]}}],"collection":[{"href":"https:\/\/sp1.kielce.eu\/index.php\/wp-json\/wp\/v2\/posts"}],"about":[{"href":"https:\/\/sp1.kielce.eu\/index.php\/wp-json\/wp\/v2\/types\/post"}],"author":[{"embeddable":true,"href":"https:\/\/sp1.kielce.eu\/index.php\/wp-json\/wp\/v2\/users\/13"}],"replies":[{"embeddable":true,"href":"https:\/\/sp1.kielce.eu\/index.php\/wp-json\/wp\/v2\/comments?post=11419"}],"version-history":[{"count":2,"href":"https:\/\/sp1.kielce.eu\/index.php\/wp-json\/wp\/v2\/posts\/11419\/revisions"}],"predecessor-version":[{"id":11513,"href":"https:\/\/sp1.kielce.eu\/index.php\/wp-json\/wp\/v2\/posts\/11419\/revisions\/11513"}],"wp:featuredmedia":[{"embeddable":true,"href":"https:\/\/sp1.kielce.eu\/index.php\/wp-json\/wp\/v2\/media\/1790"}],"wp:attachment":[{"href":"https:\/\/sp1.kielce.eu\/index.php\/wp-json\/wp\/v2\/media?parent=11419"}],"wp:term":[{"taxonomy":"category","embeddable":true,"href":"https:\/\/sp1.kielce.eu\/index.php\/wp-json\/wp\/v2\/categories?post=11419"},{"taxonomy":"post_tag","embeddable":true,"href":"https:\/\/sp1.kielce.eu\/index.php\/wp-json\/wp\/v2\/tags?post=11419"}],"curies":[{"name":"wp","href":"https:\/\/api.w.org\/{rel}","templated":true}]}}