{"id":11407,"date":"2020-02-26T22:50:33","date_gmt":"2020-02-26T21:50:33","guid":{"rendered":"http:\/\/sp1.kielce.eu\/?p=11407"},"modified":"2020-02-26T22:50:33","modified_gmt":"2020-02-26T21:50:33","slug":"obchody-narodowego-dnia-pamieci-zolnierzy-wykletych-w-sp-nr-1","status":"publish","type":"post","link":"https:\/\/sp1.kielce.eu\/index.php\/2020\/02\/26\/obchody-narodowego-dnia-pamieci-zolnierzy-wykletych-w-sp-nr-1\/","title":{"rendered":"Obchody Narodowego Dnia Pami\u0119ci \u017bo\u0142nierzy Wykl\u0119tych w SP nr 1"},"content":{"rendered":"\n<p><strong>1\nmarca<\/strong> przypada Narodowe \u015awi\u0119to \u017bo\u0142nierzy Wykl\u0119tych.\n\u201e\u017bo\u0142nierze Wykl\u0119ci\u201d to uczestnicy polskiego zbrojnego podziemia\nniepodleg\u0142o\u015bciowego, kt\u00f3rzy od 1944r. walczyli przeciwko sowieckiej okupacji i\nnarzuconej przez Moskw\u0119 w\u0142adzy komunistycznej. Przez zwalczaj\u0105cy ich re\u017cim\nnazywani byli \u201ebandytami\u201d i \u201efaszystami\u201d. Zak\u0142amywano ich histori\u0119, wypaczano\ncel, o kt\u00f3ry walczyli, starano si\u0119 wymaza\u0107 ich ze spo\u0142ecznej pami\u0119ci.<\/p>\n\n\n\n<p>Nasza\nszko\u0142a w\u0142\u0105cza si\u0119 w Obchody Narodowego Dnia Pami\u0119ci \u017bo\u0142nierzy Wykl\u0119tych. Przez\nca\u0142y tydzie\u0144 od 2 marca do 6 marca 2020r.w holu na\nparterze b\u0119d\u0105 prezentowane dwie wystawy&nbsp;\nIPN <strong>\u201e\u017bo\u0142nierze Wykl\u0119ci. Podziemie niepodleg\u0142o\u015bciowe 1944-1963\u201d<\/strong>\noraz <strong>\u201eNiez\u0142omna, wykl\u0119ta, przywr\u00f3cona pami\u0119ci. Danuta Siedzik\u00f3wna <em>Inka <\/em>19228-1946\u201d.\n<\/strong>Ponadto uczniowie klas si\u00f3dmych wezm\u0105 udzia\u0142 w VII Spotkaniu Edukacyjnym\npt.: <strong>\u201eBohaterom Pami\u0119\u0107\u201d<\/strong> w Kieleckim Centrum Kultury. Natomiast\n\u00f3smoklasi\u015bci odwiedz\u0105 O\u015brodek My\u015bli Patriotycznej i Obywatelskiej- miejsce\nPami\u0119ci Narodowej. W klasach czwartych, pi\u0105tych i sz\u00f3stych zostan\u0105 przeprowadzone\nlekcje historii na temat \u017bo\u0142nierzy Wykl\u0119tych.<\/p>\n\n\n\n<p style=\"text-align:right\">&nbsp;&nbsp;&nbsp;&nbsp;&nbsp;&nbsp;&nbsp;&nbsp;&nbsp;&nbsp;&nbsp;&nbsp;&nbsp;&nbsp;&nbsp;&nbsp;&nbsp;&nbsp;&nbsp;&nbsp;&nbsp;&nbsp;&nbsp;&nbsp;&nbsp;&nbsp;&nbsp;&nbsp;&nbsp;&nbsp;&nbsp;&nbsp;&nbsp;&nbsp;&nbsp;&nbsp;&nbsp;&nbsp;&nbsp;&nbsp;&nbsp;&nbsp;&nbsp;&nbsp;&nbsp;&nbsp;&nbsp;&nbsp;&nbsp;&nbsp;&nbsp;&nbsp;&nbsp;&nbsp;&nbsp;&nbsp;&nbsp;&nbsp;&nbsp;&nbsp;&nbsp;&nbsp;&nbsp;&nbsp;&nbsp;&nbsp;&nbsp;&nbsp;&nbsp;&nbsp;&nbsp;&nbsp;&nbsp;&nbsp;&nbsp;&nbsp;&nbsp;&nbsp;&nbsp;&nbsp;&nbsp;&nbsp;&nbsp;&nbsp;&nbsp;&nbsp;&nbsp;&nbsp;&nbsp;&nbsp;&nbsp;&nbsp;&nbsp;&nbsp;&nbsp;&nbsp;&nbsp;&nbsp;&nbsp;&nbsp;&nbsp;&nbsp;&nbsp;&nbsp;&nbsp;&nbsp;&nbsp;&nbsp;&nbsp;&nbsp;&nbsp;&nbsp;&nbsp;&nbsp;&nbsp;&nbsp;&nbsp; Katarzyna\nSzostak<\/p>\n\n\n\n<p style=\"text-align:right\">&nbsp;&nbsp;&nbsp;&nbsp;&nbsp;&nbsp;&nbsp;&nbsp;&nbsp;&nbsp;&nbsp;&nbsp;&nbsp;&nbsp;&nbsp;&nbsp;&nbsp;&nbsp;&nbsp;&nbsp;&nbsp;&nbsp;&nbsp;&nbsp;&nbsp;&nbsp;&nbsp;&nbsp;&nbsp;&nbsp;&nbsp;&nbsp;&nbsp;&nbsp;&nbsp;&nbsp;&nbsp;&nbsp;&nbsp;&nbsp;&nbsp;&nbsp;&nbsp;&nbsp;&nbsp;&nbsp;&nbsp;&nbsp;&nbsp;&nbsp;&nbsp;&nbsp;&nbsp;&nbsp;&nbsp;&nbsp;&nbsp;&nbsp;&nbsp;&nbsp;&nbsp;&nbsp;&nbsp;&nbsp;&nbsp;&nbsp;&nbsp;&nbsp;&nbsp;&nbsp;&nbsp;&nbsp;&nbsp;&nbsp;&nbsp;&nbsp;&nbsp;&nbsp;&nbsp;&nbsp;&nbsp;&nbsp;&nbsp;&nbsp;&nbsp;&nbsp;&nbsp;&nbsp;&nbsp;&nbsp;&nbsp;&nbsp;&nbsp;&nbsp;&nbsp;&nbsp;&nbsp;&nbsp;&nbsp;&nbsp;&nbsp;&nbsp;&nbsp;&nbsp;&nbsp;&nbsp;&nbsp;&nbsp;&nbsp;&nbsp;&nbsp;&nbsp;&nbsp;&nbsp;&nbsp;&nbsp;&nbsp; nauczyciel\nhistorii<\/p>\n","protected":false},"excerpt":{"rendered":"<p>1 marca przypada Narodowe \u015awi\u0119to \u017bo\u0142nierzy Wykl\u0119tych. \u201e\u017bo\u0142nierze Wykl\u0119ci\u201d to uczestnicy polskiego zbrojnego podziemia niepodleg\u0142o\u015bciowego, [&hellip;]<\/p>\n","protected":false},"author":5,"featured_media":11408,"comment_status":"closed","ping_status":"open","sticky":false,"template":"","format":"standard","meta":{"footnotes":""},"categories":[36],"tags":[],"class_list":["post-11407","post","type-post","status-publish","format-standard","has-post-thumbnail","hentry","category-wydarzenia"],"_links":{"self":[{"href":"https:\/\/sp1.kielce.eu\/index.php\/wp-json\/wp\/v2\/posts\/11407","targetHints":{"allow":["GET"]}}],"collection":[{"href":"https:\/\/sp1.kielce.eu\/index.php\/wp-json\/wp\/v2\/posts"}],"about":[{"href":"https:\/\/sp1.kielce.eu\/index.php\/wp-json\/wp\/v2\/types\/post"}],"author":[{"embeddable":true,"href":"https:\/\/sp1.kielce.eu\/index.php\/wp-json\/wp\/v2\/users\/5"}],"replies":[{"embeddable":true,"href":"https:\/\/sp1.kielce.eu\/index.php\/wp-json\/wp\/v2\/comments?post=11407"}],"version-history":[{"count":1,"href":"https:\/\/sp1.kielce.eu\/index.php\/wp-json\/wp\/v2\/posts\/11407\/revisions"}],"predecessor-version":[{"id":11409,"href":"https:\/\/sp1.kielce.eu\/index.php\/wp-json\/wp\/v2\/posts\/11407\/revisions\/11409"}],"wp:featuredmedia":[{"embeddable":true,"href":"https:\/\/sp1.kielce.eu\/index.php\/wp-json\/wp\/v2\/media\/11408"}],"wp:attachment":[{"href":"https:\/\/sp1.kielce.eu\/index.php\/wp-json\/wp\/v2\/media?parent=11407"}],"wp:term":[{"taxonomy":"category","embeddable":true,"href":"https:\/\/sp1.kielce.eu\/index.php\/wp-json\/wp\/v2\/categories?post=11407"},{"taxonomy":"post_tag","embeddable":true,"href":"https:\/\/sp1.kielce.eu\/index.php\/wp-json\/wp\/v2\/tags?post=11407"}],"curies":[{"name":"wp","href":"https:\/\/api.w.org\/{rel}","templated":true}]}}