{"id":11313,"date":"2020-02-25T21:37:38","date_gmt":"2020-02-25T20:37:38","guid":{"rendered":"http:\/\/sp1.kielce.eu\/?p=11313"},"modified":"2020-07-05T13:03:46","modified_gmt":"2020-07-05T11:03:46","slug":"na-ogolnopolskim-forum","status":"publish","type":"post","link":"https:\/\/sp1.kielce.eu\/index.php\/2020\/02\/25\/na-ogolnopolskim-forum\/","title":{"rendered":",, Na og\u00f3lnopolskim forum&#8221;"},"content":{"rendered":"\n<p>Komitet Organizacyjny Og\u00f3lnopolskiego Konkursu Polonistycznego,, Fraszka&#8221; poinformowa\u0142  o wynikach tegorocznej edycji Konkursu, na kt\u00f3re czekali\u015bmy od listopada 2019 roku( zdj\u0119cie poni\u017cej). Uczniowie naszej Szko\u0142y- chyba ju\u017c zgodnie  z tradycj\u0105- maj\u0105 si\u0119 czym pochwali\u0107. Wynik bardzo dobry i nagrod\u0119 ksi\u0105\u017ckow\u0105 otrzyma\u0142a w tym roku <strong>Julia Stycze\u0144<\/strong>, uczennica klasy 8 b ( przygotowana przez p. Dorot\u0119 Broni\u015b), a 11 uczni\u00f3w z klas 7 i 8 zosta\u0142o wyr\u00f3\u017cnionych ( przygotowanych przez    p. Renat\u0119 Petrus i p. Dorot\u0119 Broni\u015b). Du\u017cym wyzwaniem jest r\u00f3wnie\u017c wzi\u0119cie udzia\u0142u w Konkursie- o jego randze \u015bwiadczy fakt, \u017ce sukces w nim jest odnotowywany  na \u015bwiadectwie szkolnym.<\/p>\n\n\n\n<p>                           Nauczycielki j\u0119zyka polskiego: Renata Petrus i Dorota Broni\u015b <\/p>\n\n\n\n<ul class=\"wp-block-gallery columns-3 is-cropped wp-block-gallery-1 is-layout-flex wp-block-gallery-is-layout-flex\"><li class=\"blocks-gallery-item\"><figure><a href=\"http:\/\/sp1.kielce.eu\/wp-content\/uploads\/2020\/02\/20200224_123451-1200x900.jpg\"><img loading=\"lazy\" decoding=\"async\" width=\"1200\" height=\"900\" src=\"http:\/\/sp1.kielce.eu\/wp-content\/uploads\/2020\/02\/20200224_123451-1200x900.jpg\" alt=\"\" data-id=\"11314\" data-link=\"http:\/\/sp1.kielce.eu\/?attachment_id=11314\" class=\"wp-image-11314\" srcset=\"https:\/\/sp1.kielce.eu\/wp-content\/uploads\/2020\/02\/20200224_123451-1200x900.jpg 1200w, https:\/\/sp1.kielce.eu\/wp-content\/uploads\/2020\/02\/20200224_123451-300x225.jpg 300w, https:\/\/sp1.kielce.eu\/wp-content\/uploads\/2020\/02\/20200224_123451-768x576.jpg 768w, https:\/\/sp1.kielce.eu\/wp-content\/uploads\/2020\/02\/20200224_123451-820x615.jpg 820w\" sizes=\"auto, (max-width: 1200px) 100vw, 1200px\" \/><\/a><figcaption>1<\/figcaption><\/figure><\/li><li class=\"blocks-gallery-item\"><figure><a href=\"http:\/\/sp1.kielce.eu\/wp-content\/uploads\/2020\/02\/20200225_123502-Medium-675x900.jpg\"><img loading=\"lazy\" decoding=\"async\" width=\"675\" height=\"900\" src=\"http:\/\/sp1.kielce.eu\/wp-content\/uploads\/2020\/02\/20200225_123502-Medium-675x900.jpg\" alt=\"\" data-id=\"11315\" data-link=\"http:\/\/sp1.kielce.eu\/?attachment_id=11315\" class=\"wp-image-11315\" srcset=\"https:\/\/sp1.kielce.eu\/wp-content\/uploads\/2020\/02\/20200225_123502-Medium-675x900.jpg 675w, https:\/\/sp1.kielce.eu\/wp-content\/uploads\/2020\/02\/20200225_123502-Medium-225x300.jpg 225w, https:\/\/sp1.kielce.eu\/wp-content\/uploads\/2020\/02\/20200225_123502-Medium.jpg 768w\" sizes=\"auto, (max-width: 675px) 100vw, 675px\" \/><\/a><figcaption>2<\/figcaption><\/figure><\/li><li class=\"blocks-gallery-item\"><figure><a href=\"http:\/\/sp1.kielce.eu\/wp-content\/uploads\/2020\/02\/20200225_125404-Medium.jpg\"><img loading=\"lazy\" decoding=\"async\" width=\"1024\" height=\"768\" src=\"http:\/\/sp1.kielce.eu\/wp-content\/uploads\/2020\/02\/20200225_125404-Medium.jpg\" alt=\"\" data-id=\"11316\" data-link=\"http:\/\/sp1.kielce.eu\/?attachment_id=11316\" class=\"wp-image-11316\" srcset=\"https:\/\/sp1.kielce.eu\/wp-content\/uploads\/2020\/02\/20200225_125404-Medium.jpg 1024w, https:\/\/sp1.kielce.eu\/wp-content\/uploads\/2020\/02\/20200225_125404-Medium-300x225.jpg 300w, https:\/\/sp1.kielce.eu\/wp-content\/uploads\/2020\/02\/20200225_125404-Medium-768x576.jpg 768w, https:\/\/sp1.kielce.eu\/wp-content\/uploads\/2020\/02\/20200225_125404-Medium-820x615.jpg 820w\" sizes=\"auto, (max-width: 1024px) 100vw, 1024px\" \/><\/a><figcaption>3<\/figcaption><\/figure><\/li><\/ul>\n","protected":false},"excerpt":{"rendered":"<p>Komitet Organizacyjny Og\u00f3lnopolskiego Konkursu Polonistycznego,, Fraszka&#8221; poinformowa\u0142 o wynikach tegorocznej edycji Konkursu, na kt\u00f3re czekali\u015bmy [&hellip;]<\/p>\n","protected":false},"author":5,"featured_media":11315,"comment_status":"closed","ping_status":"open","sticky":false,"template":"","format":"standard","meta":{"footnotes":""},"categories":[36,10,21],"tags":[],"class_list":["post-11313","post","type-post","status-publish","format-standard","has-post-thumbnail","hentry","category-wydarzenia","category-konkursy-przedmiotowe","category-konkursy"],"_links":{"self":[{"href":"https:\/\/sp1.kielce.eu\/index.php\/wp-json\/wp\/v2\/posts\/11313","targetHints":{"allow":["GET"]}}],"collection":[{"href":"https:\/\/sp1.kielce.eu\/index.php\/wp-json\/wp\/v2\/posts"}],"about":[{"href":"https:\/\/sp1.kielce.eu\/index.php\/wp-json\/wp\/v2\/types\/post"}],"author":[{"embeddable":true,"href":"https:\/\/sp1.kielce.eu\/index.php\/wp-json\/wp\/v2\/users\/5"}],"replies":[{"embeddable":true,"href":"https:\/\/sp1.kielce.eu\/index.php\/wp-json\/wp\/v2\/comments?post=11313"}],"version-history":[{"count":2,"href":"https:\/\/sp1.kielce.eu\/index.php\/wp-json\/wp\/v2\/posts\/11313\/revisions"}],"predecessor-version":[{"id":12596,"href":"https:\/\/sp1.kielce.eu\/index.php\/wp-json\/wp\/v2\/posts\/11313\/revisions\/12596"}],"wp:featuredmedia":[{"embeddable":true,"href":"https:\/\/sp1.kielce.eu\/index.php\/wp-json\/wp\/v2\/media\/11315"}],"wp:attachment":[{"href":"https:\/\/sp1.kielce.eu\/index.php\/wp-json\/wp\/v2\/media?parent=11313"}],"wp:term":[{"taxonomy":"category","embeddable":true,"href":"https:\/\/sp1.kielce.eu\/index.php\/wp-json\/wp\/v2\/categories?post=11313"},{"taxonomy":"post_tag","embeddable":true,"href":"https:\/\/sp1.kielce.eu\/index.php\/wp-json\/wp\/v2\/tags?post=11313"}],"curies":[{"name":"wp","href":"https:\/\/api.w.org\/{rel}","templated":true}]}}