{"id":11292,"date":"2020-02-24T08:43:21","date_gmt":"2020-02-24T07:43:21","guid":{"rendered":"http:\/\/sp1.kielce.eu\/?p=11292"},"modified":"2020-02-24T08:43:21","modified_gmt":"2020-02-24T07:43:21","slug":"wycieczka-do-rezerwatu-geologicznego-wietrznia","status":"publish","type":"post","link":"https:\/\/sp1.kielce.eu\/index.php\/2020\/02\/24\/wycieczka-do-rezerwatu-geologicznego-wietrznia\/","title":{"rendered":"Wycieczka do rezerwatu geologicznego \u201eWietrznia\u201d"},"content":{"rendered":"\n<p>\n15 lutego 2020 r. cz\u0142onkowie Szkolnego Ko\u0142a\nGeograficzno-Turystycznego \u201eZ plecakiem przez Kielce\u201d wybrali si\u0119\nna wycieczk\u0119 do najwi\u0119kszego z kieleckich rezerwat\u00f3w geologicznych\n<\/p>\n\n\n\n<p>&#8211; \u201eWietrzni\u201d,\nkt\u00f3remu eksploatacja surowca nada\u0142a kszta\u0142t kanionu ograniczonego\nskalnymi ska\u0142ami. Uczniowie na wycieczce zapoznali si\u0119 z\nprzyk\u0142adami przyrody nieo\u017cywionej, histori\u0105 powstania rezerwatu\noraz zapoznali si\u0119 z postaci\u0105 Zbigniewa Rubinowskiego, patrona\nrezerwatu, kt\u00f3ry by\u0142 s\u0142ynnym badaczem G\u00f3r \u015awi\u0119tokrzyskich.\nPodczas spaceru w rezerwacie uczniowie ogl\u0105dali ods\u0142oni\u0119cia\ngeologiczne oraz zapoznali si\u0119 z procesami tektonicznymi, kt\u00f3re\nmaj\u0105 bezpo\u015bredni wp\u0142yw kszta\u0142t otaczaj\u0105cego nas krajobrazu, a\ndla naukowc\u00f3w s\u0105 niesko\u0144czonym \u017ar\u00f3d\u0142em informacji. Dla cz\u0142onk\u00f3w\nSzkolnego Ko\u0142a Geograficzno-Turystycznego jako pasjonat\u00f3w Geologii\nby\u0142a to pierwsza wycieczka w tak wa\u017cne miejsce&#8230; ale nie ostatnia,\nw Kielcach jest wiele miejsc, w kt\u00f3rych geologowie czytaj\u0105 w\nska\u0142ach jak uczniowie w otwartych ksi\u0105\u017ckach.<\/p>\n\n\n\n<p>Opiekun ko\u0142a- \n<\/p>\n\n\n\n<p style=\"text-align:right\">Monika Go\u0142\u0105bek<\/p>\n\n\n\n<ul class=\"wp-block-gallery columns-2 is-cropped wp-block-gallery-1 is-layout-flex wp-block-gallery-is-layout-flex\"><li class=\"blocks-gallery-item\"><figure><a href=\"http:\/\/sp1.kielce.eu\/wp-content\/uploads\/2020\/02\/IMG_20200215_112719-Medium.jpg\"><img loading=\"lazy\" decoding=\"async\" width=\"1366\" height=\"683\" src=\"http:\/\/sp1.kielce.eu\/wp-content\/uploads\/2020\/02\/IMG_20200215_112719-Medium.jpg\" alt=\"\" data-id=\"11293\" data-link=\"http:\/\/sp1.kielce.eu\/?attachment_id=11293\" class=\"wp-image-11293\" srcset=\"https:\/\/sp1.kielce.eu\/wp-content\/uploads\/2020\/02\/IMG_20200215_112719-Medium.jpg 1366w, https:\/\/sp1.kielce.eu\/wp-content\/uploads\/2020\/02\/IMG_20200215_112719-Medium-300x150.jpg 300w, https:\/\/sp1.kielce.eu\/wp-content\/uploads\/2020\/02\/IMG_20200215_112719-Medium-768x384.jpg 768w, https:\/\/sp1.kielce.eu\/wp-content\/uploads\/2020\/02\/IMG_20200215_112719-Medium-820x410.jpg 820w\" sizes=\"auto, (max-width: 1366px) 100vw, 1366px\" \/><\/a><figcaption>1<\/figcaption><\/figure><\/li><li class=\"blocks-gallery-item\"><figure><a href=\"http:\/\/sp1.kielce.eu\/wp-content\/uploads\/2020\/02\/IMG_20200215_112755-Medium.jpg\"><img loading=\"lazy\" decoding=\"async\" width=\"1024\" height=\"768\" src=\"http:\/\/sp1.kielce.eu\/wp-content\/uploads\/2020\/02\/IMG_20200215_112755-Medium.jpg\" alt=\"\" data-id=\"11294\" data-link=\"http:\/\/sp1.kielce.eu\/?attachment_id=11294\" class=\"wp-image-11294\" srcset=\"https:\/\/sp1.kielce.eu\/wp-content\/uploads\/2020\/02\/IMG_20200215_112755-Medium.jpg 1024w, https:\/\/sp1.kielce.eu\/wp-content\/uploads\/2020\/02\/IMG_20200215_112755-Medium-300x225.jpg 300w, https:\/\/sp1.kielce.eu\/wp-content\/uploads\/2020\/02\/IMG_20200215_112755-Medium-768x576.jpg 768w, https:\/\/sp1.kielce.eu\/wp-content\/uploads\/2020\/02\/IMG_20200215_112755-Medium-820x615.jpg 820w\" sizes=\"auto, (max-width: 1024px) 100vw, 1024px\" \/><\/a><figcaption>2<\/figcaption><\/figure><\/li><\/ul>\n","protected":false},"excerpt":{"rendered":"<p>15 lutego 2020 r. cz\u0142onkowie Szkolnego Ko\u0142a Geograficzno-Turystycznego \u201eZ plecakiem przez Kielce\u201d wybrali si\u0119 na [&hellip;]<\/p>\n","protected":false},"author":5,"featured_media":11294,"comment_status":"closed","ping_status":"open","sticky":false,"template":"","format":"standard","meta":{"footnotes":""},"categories":[178],"tags":[],"class_list":["post-11292","post","type-post","status-publish","format-standard","has-post-thumbnail","hentry","category-plecak"],"_links":{"self":[{"href":"https:\/\/sp1.kielce.eu\/index.php\/wp-json\/wp\/v2\/posts\/11292","targetHints":{"allow":["GET"]}}],"collection":[{"href":"https:\/\/sp1.kielce.eu\/index.php\/wp-json\/wp\/v2\/posts"}],"about":[{"href":"https:\/\/sp1.kielce.eu\/index.php\/wp-json\/wp\/v2\/types\/post"}],"author":[{"embeddable":true,"href":"https:\/\/sp1.kielce.eu\/index.php\/wp-json\/wp\/v2\/users\/5"}],"replies":[{"embeddable":true,"href":"https:\/\/sp1.kielce.eu\/index.php\/wp-json\/wp\/v2\/comments?post=11292"}],"version-history":[{"count":1,"href":"https:\/\/sp1.kielce.eu\/index.php\/wp-json\/wp\/v2\/posts\/11292\/revisions"}],"predecessor-version":[{"id":11295,"href":"https:\/\/sp1.kielce.eu\/index.php\/wp-json\/wp\/v2\/posts\/11292\/revisions\/11295"}],"wp:featuredmedia":[{"embeddable":true,"href":"https:\/\/sp1.kielce.eu\/index.php\/wp-json\/wp\/v2\/media\/11294"}],"wp:attachment":[{"href":"https:\/\/sp1.kielce.eu\/index.php\/wp-json\/wp\/v2\/media?parent=11292"}],"wp:term":[{"taxonomy":"category","embeddable":true,"href":"https:\/\/sp1.kielce.eu\/index.php\/wp-json\/wp\/v2\/categories?post=11292"},{"taxonomy":"post_tag","embeddable":true,"href":"https:\/\/sp1.kielce.eu\/index.php\/wp-json\/wp\/v2\/tags?post=11292"}],"curies":[{"name":"wp","href":"https:\/\/api.w.org\/{rel}","templated":true}]}}