{"id":10996,"date":"2020-02-12T10:26:08","date_gmt":"2020-02-12T09:26:08","guid":{"rendered":"http:\/\/sp1.kielce.eu\/?p=10996"},"modified":"2020-02-12T10:26:08","modified_gmt":"2020-02-12T09:26:08","slug":"zajecia-taneczne-sks","status":"publish","type":"post","link":"https:\/\/sp1.kielce.eu\/index.php\/2020\/02\/12\/zajecia-taneczne-sks\/","title":{"rendered":"Zaj\u0119cia taneczne SKS"},"content":{"rendered":"\n<p>Ruszamy z zaj\u0119ciami tanecznymi w ramach projektu SKS.<br>\n         Zaj\u0119cia poprowadzi Ewa Nowak<\/p>\n\n\n\n<p>   Kwalifikacje zawodowe, wykszta\u0142cenie:<\/p>\n\n\n\n<ul class=\"wp-block-gallery columns-1 is-cropped wp-block-gallery-1 is-layout-flex wp-block-gallery-is-layout-flex\"><li class=\"blocks-gallery-item\"><figure><a href=\"http:\/\/sp1.kielce.eu\/wp-content\/uploads\/2020\/02\/IMG_20200210_143123942-Medium-675x900.jpg\"><img loading=\"lazy\" decoding=\"async\" width=\"675\" height=\"900\" src=\"http:\/\/sp1.kielce.eu\/wp-content\/uploads\/2020\/02\/IMG_20200210_143123942-Medium-675x900.jpg\" alt=\"\" data-id=\"10997\" data-link=\"http:\/\/sp1.kielce.eu\/?attachment_id=10997\" class=\"wp-image-10997\" srcset=\"https:\/\/sp1.kielce.eu\/wp-content\/uploads\/2020\/02\/IMG_20200210_143123942-Medium-675x900.jpg 675w, https:\/\/sp1.kielce.eu\/wp-content\/uploads\/2020\/02\/IMG_20200210_143123942-Medium-225x300.jpg 225w, https:\/\/sp1.kielce.eu\/wp-content\/uploads\/2020\/02\/IMG_20200210_143123942-Medium.jpg 768w\" sizes=\"auto, (max-width: 675px) 100vw, 675px\" \/><\/a><figcaption>Ewa Nowak<\/figcaption><\/figure><\/li><\/ul>\n\n\n\n<p>Absolwentka Akademii \u015awi\u0119tokrzyskiej Wydzia\u0142u Pedagogicznego o kierunku: Zintegrowana Edukacja Przedszkolna i Wczesnoszkolna z Terapi\u0105 Pedagogiczn\u0105. Dyplomowany instruktor ta\u0144ca, choreograf. Pedagog i Instruktor choreoterapii oraz Instruktor Rekreacji Ruchowej (fitness). <\/p>\n\n\n\n<p>Dzia\u0142alno\u015b\u0107 pedagogiczna<\/p>\n\n\n\n<p>Nauczyciel edukacji wczesnoszkolnej z wieloletnim sta\u017cem pedagogicznym. Obecnie pracuj\u0105ca w Szkole Podstawowej w Kielcach. Jako wieloletnia tancerka ST i S Rewan\u017c T. Rowi\u0144skiego, wielokrotnie odnosi\u0142a sukcesy podczas og\u00f3lnopolskich turniej\u00f3w tanecznych, Mistrzostw Polski i \u015awiata. W swojej kilkunastoletniej karierze instruktorskiej mia\u0142a okazje wsp\u00f3\u0142pracowa\u0107 <br>\nz wieloma czo\u0142owymi Szko\u0142ami Ta\u0144ca w Kielcach. <\/p>\n\n\n\n<p><em>Moja praca ma na celu wprowadzenie m\u0142odszych i starszych adept\u00f3w sztuki tanecznej do pi\u0119knego \u015bwiata ta\u0144ca.<\/em><\/p>\n","protected":false},"excerpt":{"rendered":"<p>Ruszamy z zaj\u0119ciami tanecznymi w ramach projektu SKS. Zaj\u0119cia poprowadzi Ewa Nowak Kwalifikacje zawodowe, wykszta\u0142cenie: [&hellip;]<\/p>\n","protected":false},"author":5,"featured_media":10997,"comment_status":"closed","ping_status":"open","sticky":false,"template":"","format":"standard","meta":{"footnotes":""},"categories":[11],"tags":[],"class_list":["post-10996","post","type-post","status-publish","format-standard","has-post-thumbnail","hentry","category-zawody-sportowe"],"_links":{"self":[{"href":"https:\/\/sp1.kielce.eu\/index.php\/wp-json\/wp\/v2\/posts\/10996","targetHints":{"allow":["GET"]}}],"collection":[{"href":"https:\/\/sp1.kielce.eu\/index.php\/wp-json\/wp\/v2\/posts"}],"about":[{"href":"https:\/\/sp1.kielce.eu\/index.php\/wp-json\/wp\/v2\/types\/post"}],"author":[{"embeddable":true,"href":"https:\/\/sp1.kielce.eu\/index.php\/wp-json\/wp\/v2\/users\/5"}],"replies":[{"embeddable":true,"href":"https:\/\/sp1.kielce.eu\/index.php\/wp-json\/wp\/v2\/comments?post=10996"}],"version-history":[{"count":1,"href":"https:\/\/sp1.kielce.eu\/index.php\/wp-json\/wp\/v2\/posts\/10996\/revisions"}],"predecessor-version":[{"id":10998,"href":"https:\/\/sp1.kielce.eu\/index.php\/wp-json\/wp\/v2\/posts\/10996\/revisions\/10998"}],"wp:featuredmedia":[{"embeddable":true,"href":"https:\/\/sp1.kielce.eu\/index.php\/wp-json\/wp\/v2\/media\/10997"}],"wp:attachment":[{"href":"https:\/\/sp1.kielce.eu\/index.php\/wp-json\/wp\/v2\/media?parent=10996"}],"wp:term":[{"taxonomy":"category","embeddable":true,"href":"https:\/\/sp1.kielce.eu\/index.php\/wp-json\/wp\/v2\/categories?post=10996"},{"taxonomy":"post_tag","embeddable":true,"href":"https:\/\/sp1.kielce.eu\/index.php\/wp-json\/wp\/v2\/tags?post=10996"}],"curies":[{"name":"wp","href":"https:\/\/api.w.org\/{rel}","templated":true}]}}