{"id":10826,"date":"2020-01-25T22:30:05","date_gmt":"2020-01-25T21:30:05","guid":{"rendered":"http:\/\/sp1.kielce.eu\/?p=10826"},"modified":"2020-01-25T22:30:05","modified_gmt":"2020-01-25T21:30:05","slug":"przygotowania-do-widowiska-tanecznego","status":"publish","type":"post","link":"https:\/\/sp1.kielce.eu\/index.php\/2020\/01\/25\/przygotowania-do-widowiska-tanecznego\/","title":{"rendered":"Przygotowania do widowiska tanecznego"},"content":{"rendered":"\n<p>Przygotowania Punktu\nkulminacyjnego czyli innowacyjnego pod tytu\u0142em : \u201eKA\u017bDY MA MOC SPE\u0141NIANIA\nSWOICH MARZE\u0143\u201d dobiega ko\u0144ca.&nbsp; Ogromna realizacja wsp\u00f3\u0142pracy rodzic\u00f3w ,\nuczni\u00f3w i nauczycieli przy przygotowaniach i organizacji stroj\u00f3w do wyst\u0119p\u00f3w\noraz dekoracji. Ju\u017c niebawem przeprowadzony b\u0119dzie wyst\u0119p na bazie choreografii\ntaneczno \u2013 gimnastycznej jako promocji szko\u0142y przed wi\u0119kszym gronem\npubliczno\u015bci oraz jako lekcji pokazowej dla nauczycieli, rodzic\u00f3w. <\/p>\n\n\n\n<p style=\"text-align:right\">Marta Wi\u0119ckowska<br> Ewa Nowak<\/p>\n\n\n\n<p> <\/p>\n","protected":false},"excerpt":{"rendered":"<p>Przygotowania Punktu kulminacyjnego czyli innowacyjnego pod tytu\u0142em : \u201eKA\u017bDY MA MOC SPE\u0141NIANIA SWOICH MARZE\u0143\u201d dobiega [&hellip;]<\/p>\n","protected":false},"author":13,"featured_media":10827,"comment_status":"closed","ping_status":"open","sticky":false,"template":"","format":"standard","meta":{"footnotes":""},"categories":[166],"tags":[],"class_list":["post-10826","post","type-post","status-publish","format-standard","has-post-thumbnail","hentry","category-mfa"],"_links":{"self":[{"href":"https:\/\/sp1.kielce.eu\/index.php\/wp-json\/wp\/v2\/posts\/10826","targetHints":{"allow":["GET"]}}],"collection":[{"href":"https:\/\/sp1.kielce.eu\/index.php\/wp-json\/wp\/v2\/posts"}],"about":[{"href":"https:\/\/sp1.kielce.eu\/index.php\/wp-json\/wp\/v2\/types\/post"}],"author":[{"embeddable":true,"href":"https:\/\/sp1.kielce.eu\/index.php\/wp-json\/wp\/v2\/users\/13"}],"replies":[{"embeddable":true,"href":"https:\/\/sp1.kielce.eu\/index.php\/wp-json\/wp\/v2\/comments?post=10826"}],"version-history":[{"count":2,"href":"https:\/\/sp1.kielce.eu\/index.php\/wp-json\/wp\/v2\/posts\/10826\/revisions"}],"predecessor-version":[{"id":10829,"href":"https:\/\/sp1.kielce.eu\/index.php\/wp-json\/wp\/v2\/posts\/10826\/revisions\/10829"}],"wp:featuredmedia":[{"embeddable":true,"href":"https:\/\/sp1.kielce.eu\/index.php\/wp-json\/wp\/v2\/media\/10827"}],"wp:attachment":[{"href":"https:\/\/sp1.kielce.eu\/index.php\/wp-json\/wp\/v2\/media?parent=10826"}],"wp:term":[{"taxonomy":"category","embeddable":true,"href":"https:\/\/sp1.kielce.eu\/index.php\/wp-json\/wp\/v2\/categories?post=10826"},{"taxonomy":"post_tag","embeddable":true,"href":"https:\/\/sp1.kielce.eu\/index.php\/wp-json\/wp\/v2\/tags?post=10826"}],"curies":[{"name":"wp","href":"https:\/\/api.w.org\/{rel}","templated":true}]}}