{"id":10792,"date":"2020-01-24T11:43:35","date_gmt":"2020-01-24T10:43:35","guid":{"rendered":"http:\/\/sp1.kielce.eu\/?p=10792"},"modified":"2020-01-24T11:45:14","modified_gmt":"2020-01-24T10:45:14","slug":"konkurs-okovolksmode-ekologiczna-moda-ludowa-niemieckiego-obszaru-jezykowego","status":"publish","type":"post","link":"https:\/\/sp1.kielce.eu\/index.php\/2020\/01\/24\/konkurs-okovolksmode-ekologiczna-moda-ludowa-niemieckiego-obszaru-jezykowego\/","title":{"rendered":"Konkurs \u00d6kovolksmode &#8211; ekologiczna moda ludowa niemieckiego obszaru j\u0119zykowego"},"content":{"rendered":"\n<p> <\/p>\n\n\n\n<p>Zapraszamy &nbsp;do udzia\u0142u w I edycji mi\u0119dzyszkolnego konkursu \u00d6kovolksmode &#8211; ekologiczna moda ludowa niemieckiego obszaru j\u0119zykowego.Tematyka konkursu wi\u0105\u017ce &nbsp;trosk\u0119 o nasze \u015brodowisko naturalne z kultywowaniem tradycji ludowych. Celem konkursu jest pog\u0142\u0119bianie wiedzy na temat ochrony \u015brodowiska oraz rozbudzenie zainteresowa\u0144 kultur\u0105 kraj\u00f3w niemieckoj\u0119zycznych.<br>Uczestnicy wykonaj\u0105 na bazie ekologicznych materia\u0142\u00f3w i tekstyli\u00f3w ubi\u00f3r inspirowany strojem ludowym, pochodz\u0105cym z dowolnego regionu kraju niemieckoj\u0119zycznego, w kt\u00f3rym zaprezentuj\u0105 si\u0119 na czerwonym dywanie. Tym te\u017c akcentem wpisujemy si\u0119 w szereg dzia\u0142a\u0144 zgodnych z wytycznymi Ministra Edukacji Narodowej.<br>Szczeg\u00f3\u0142owe kryteria oceny prac konkursowych znajduj\u0105 si\u0119 w regulaminie konkursu. Zg\u0142oszenia przyjmujemy do 17 lutego 2020 roku.<br>Informacja o konkursie b\u0119dzie zamieszczona w lokalnej prasie oraz na stronie internetowej szko\u0142y.<br>Patronat nad konkursem obj\u0119li Prezydent miasta Kielce oraz \u015awi\u0119tokrzyski Kurator O\u015bwiaty. Patronat medialny sprawuj\u0105 TVP Kielce, Radio Kielce oraz Echo Dnia.<br>Serdecznie zapraszamy.\n\n<\/p>\n\n\n\n<p><a href=\"http:\/\/sp1.kielce.eu\/wp-content\/uploads\/2020\/01\/REGULAMIN_okomoda.pdf\">Regulamin konkursu<\/a><\/p>\n","protected":false},"excerpt":{"rendered":"<p>Zapraszamy &nbsp;do udzia\u0142u w I edycji mi\u0119dzyszkolnego konkursu \u00d6kovolksmode &#8211; ekologiczna moda ludowa niemieckiego obszaru [&hellip;]<\/p>\n","protected":false},"author":4,"featured_media":1790,"comment_status":"closed","ping_status":"open","sticky":false,"template":"","format":"standard","meta":{"footnotes":""},"categories":[1],"tags":[],"class_list":["post-10792","post","type-post","status-publish","format-standard","has-post-thumbnail","hentry","category-bez-kategorii"],"_links":{"self":[{"href":"https:\/\/sp1.kielce.eu\/index.php\/wp-json\/wp\/v2\/posts\/10792","targetHints":{"allow":["GET"]}}],"collection":[{"href":"https:\/\/sp1.kielce.eu\/index.php\/wp-json\/wp\/v2\/posts"}],"about":[{"href":"https:\/\/sp1.kielce.eu\/index.php\/wp-json\/wp\/v2\/types\/post"}],"author":[{"embeddable":true,"href":"https:\/\/sp1.kielce.eu\/index.php\/wp-json\/wp\/v2\/users\/4"}],"replies":[{"embeddable":true,"href":"https:\/\/sp1.kielce.eu\/index.php\/wp-json\/wp\/v2\/comments?post=10792"}],"version-history":[{"count":1,"href":"https:\/\/sp1.kielce.eu\/index.php\/wp-json\/wp\/v2\/posts\/10792\/revisions"}],"predecessor-version":[{"id":10794,"href":"https:\/\/sp1.kielce.eu\/index.php\/wp-json\/wp\/v2\/posts\/10792\/revisions\/10794"}],"wp:featuredmedia":[{"embeddable":true,"href":"https:\/\/sp1.kielce.eu\/index.php\/wp-json\/wp\/v2\/media\/1790"}],"wp:attachment":[{"href":"https:\/\/sp1.kielce.eu\/index.php\/wp-json\/wp\/v2\/media?parent=10792"}],"wp:term":[{"taxonomy":"category","embeddable":true,"href":"https:\/\/sp1.kielce.eu\/index.php\/wp-json\/wp\/v2\/categories?post=10792"},{"taxonomy":"post_tag","embeddable":true,"href":"https:\/\/sp1.kielce.eu\/index.php\/wp-json\/wp\/v2\/tags?post=10792"}],"curies":[{"name":"wp","href":"https:\/\/api.w.org\/{rel}","templated":true}]}}