{"id":10782,"date":"2020-01-23T20:52:53","date_gmt":"2020-01-23T19:52:53","guid":{"rendered":"http:\/\/sp1.kielce.eu\/?p=10782"},"modified":"2020-01-23T20:52:53","modified_gmt":"2020-01-23T19:52:53","slug":"dzien-babci-i-dziadka-w-swietlicy-szkolnej","status":"publish","type":"post","link":"https:\/\/sp1.kielce.eu\/index.php\/2020\/01\/23\/dzien-babci-i-dziadka-w-swietlicy-szkolnej\/","title":{"rendered":"Dzie\u0144 Babci i Dziadka w \u015awietlicy Szkolnej"},"content":{"rendered":"\n<p>22.01.2020 w\u00a0\u015awietlicy Szkolnej mieli\u015bmy przyjemno\u015b\u0107 go\u015bci\u0107 Babcie i\u00a0Dziadk\u00f3w. Uczniowie klasy 3\u00a0a wraz z\u00a0wychowankami \u015awietlicy Szkolnej przygotowali pod czujnym okiem Pa\u0144: Kamili Kami\u0144skiej, Iwony Ko\u015bcieleckiej, Ma\u0142gorzaty R\u0119bi\u015b oraz El\u017cbiety Szymczyk (kolejno\u015b\u0107 alfabetyczna) wyst\u0119p recytatorsko-woklany wraz z\u00a0dekoracjami. Pani Ewa Nowak przygotowa\u0142a pokaz taneczny. Wszystkie dzieci zauroczy\u0142y publiczno\u015b\u0107, a\u00a0my jeszcze raz \u017cyczymy Babciom i\u00a0Dziadkom wszystkiego co najlepsze z\u00a0okazji ich \u015bwi\u0119ta.<\/p>\n\n\n\n<p style=\"text-align:right\">Kamila Kami\u0144ska<br> Iwona Ko\u015bcielecka<br> Ma\u0142gorzata R\u0119bi\u015b<br> El\u017cbieta Szymczyk<\/p>\n\n\n\n<ul class=\"wp-block-gallery columns-4 is-cropped wp-block-gallery-1 is-layout-flex wp-block-gallery-is-layout-flex\"><li class=\"blocks-gallery-item\"><figure><a href=\"http:\/\/sp1.kielce.eu\/wp-content\/uploads\/2020\/01\/1-Copy-1200x900.jpg\"><img loading=\"lazy\" decoding=\"async\" width=\"1200\" height=\"900\" src=\"http:\/\/sp1.kielce.eu\/wp-content\/uploads\/2020\/01\/1-Copy-1200x900.jpg\" alt=\"\" data-id=\"10783\" data-link=\"http:\/\/sp1.kielce.eu\/?attachment_id=10783\" class=\"wp-image-10783\" srcset=\"https:\/\/sp1.kielce.eu\/wp-content\/uploads\/2020\/01\/1-Copy.jpg 1200w, https:\/\/sp1.kielce.eu\/wp-content\/uploads\/2020\/01\/1-Copy-300x225.jpg 300w, https:\/\/sp1.kielce.eu\/wp-content\/uploads\/2020\/01\/1-Copy-768x576.jpg 768w, https:\/\/sp1.kielce.eu\/wp-content\/uploads\/2020\/01\/1-Copy-820x615.jpg 820w\" sizes=\"auto, (max-width: 1200px) 100vw, 1200px\" \/><\/a><\/figure><\/li><li class=\"blocks-gallery-item\"><figure><a href=\"http:\/\/sp1.kielce.eu\/wp-content\/uploads\/2020\/01\/2-Copy-894x900.jpg\"><img loading=\"lazy\" decoding=\"async\" width=\"894\" height=\"900\" src=\"http:\/\/sp1.kielce.eu\/wp-content\/uploads\/2020\/01\/2-Copy-894x900.jpg\" alt=\"\" data-id=\"10784\" data-link=\"http:\/\/sp1.kielce.eu\/?attachment_id=10784\" class=\"wp-image-10784\" srcset=\"https:\/\/sp1.kielce.eu\/wp-content\/uploads\/2020\/01\/2-Copy.jpg 894w, https:\/\/sp1.kielce.eu\/wp-content\/uploads\/2020\/01\/2-Copy-150x150.jpg 150w, https:\/\/sp1.kielce.eu\/wp-content\/uploads\/2020\/01\/2-Copy-298x300.jpg 298w, https:\/\/sp1.kielce.eu\/wp-content\/uploads\/2020\/01\/2-Copy-768x773.jpg 768w, https:\/\/sp1.kielce.eu\/wp-content\/uploads\/2020\/01\/2-Copy-820x826.jpg 820w\" sizes=\"auto, (max-width: 894px) 100vw, 894px\" \/><\/a><\/figure><\/li><li class=\"blocks-gallery-item\"><figure><a href=\"http:\/\/sp1.kielce.eu\/wp-content\/uploads\/2020\/01\/3-Copy-1-1195x900.jpg\"><img loading=\"lazy\" decoding=\"async\" width=\"1195\" height=\"900\" src=\"http:\/\/sp1.kielce.eu\/wp-content\/uploads\/2020\/01\/3-Copy-1-1195x900.jpg\" alt=\"\" data-id=\"10785\" data-link=\"http:\/\/sp1.kielce.eu\/?attachment_id=10785\" class=\"wp-image-10785\" srcset=\"https:\/\/sp1.kielce.eu\/wp-content\/uploads\/2020\/01\/3-Copy-1.jpg 1195w, https:\/\/sp1.kielce.eu\/wp-content\/uploads\/2020\/01\/3-Copy-1-300x226.jpg 300w, https:\/\/sp1.kielce.eu\/wp-content\/uploads\/2020\/01\/3-Copy-1-768x578.jpg 768w, https:\/\/sp1.kielce.eu\/wp-content\/uploads\/2020\/01\/3-Copy-1-820x618.jpg 820w\" sizes=\"auto, (max-width: 1195px) 100vw, 1195px\" \/><\/a><\/figure><\/li><li class=\"blocks-gallery-item\"><figure><a href=\"http:\/\/sp1.kielce.eu\/wp-content\/uploads\/2020\/01\/4-Copy.jpg\"><img loading=\"lazy\" decoding=\"async\" width=\"1200\" height=\"800\" src=\"http:\/\/sp1.kielce.eu\/wp-content\/uploads\/2020\/01\/4-Copy.jpg\" alt=\"\" data-id=\"10786\" data-link=\"http:\/\/sp1.kielce.eu\/?attachment_id=10786\" class=\"wp-image-10786\" srcset=\"https:\/\/sp1.kielce.eu\/wp-content\/uploads\/2020\/01\/4-Copy.jpg 1200w, https:\/\/sp1.kielce.eu\/wp-content\/uploads\/2020\/01\/4-Copy-300x200.jpg 300w, https:\/\/sp1.kielce.eu\/wp-content\/uploads\/2020\/01\/4-Copy-768x512.jpg 768w, https:\/\/sp1.kielce.eu\/wp-content\/uploads\/2020\/01\/4-Copy-600x400.jpg 600w, https:\/\/sp1.kielce.eu\/wp-content\/uploads\/2020\/01\/4-Copy-820x547.jpg 820w\" sizes=\"auto, (max-width: 1200px) 100vw, 1200px\" \/><\/a><\/figure><\/li><li class=\"blocks-gallery-item\"><figure><a href=\"http:\/\/sp1.kielce.eu\/wp-content\/uploads\/2020\/01\/5-Copy.jpg\"><img loading=\"lazy\" decoding=\"async\" width=\"1200\" height=\"848\" src=\"http:\/\/sp1.kielce.eu\/wp-content\/uploads\/2020\/01\/5-Copy.jpg\" alt=\"\" data-id=\"10787\" data-link=\"http:\/\/sp1.kielce.eu\/?attachment_id=10787\" class=\"wp-image-10787\" srcset=\"https:\/\/sp1.kielce.eu\/wp-content\/uploads\/2020\/01\/5-Copy.jpg 1200w, https:\/\/sp1.kielce.eu\/wp-content\/uploads\/2020\/01\/5-Copy-300x212.jpg 300w, https:\/\/sp1.kielce.eu\/wp-content\/uploads\/2020\/01\/5-Copy-768x543.jpg 768w, https:\/\/sp1.kielce.eu\/wp-content\/uploads\/2020\/01\/5-Copy-820x579.jpg 820w\" sizes=\"auto, (max-width: 1200px) 100vw, 1200px\" \/><\/a><\/figure><\/li><li class=\"blocks-gallery-item\"><figure><a href=\"http:\/\/sp1.kielce.eu\/wp-content\/uploads\/2020\/01\/6-Copy.jpg\"><img loading=\"lazy\" decoding=\"async\" width=\"1200\" height=\"800\" src=\"http:\/\/sp1.kielce.eu\/wp-content\/uploads\/2020\/01\/6-Copy.jpg\" alt=\"\" data-id=\"10788\" data-link=\"http:\/\/sp1.kielce.eu\/?attachment_id=10788\" class=\"wp-image-10788\" srcset=\"https:\/\/sp1.kielce.eu\/wp-content\/uploads\/2020\/01\/6-Copy.jpg 1200w, https:\/\/sp1.kielce.eu\/wp-content\/uploads\/2020\/01\/6-Copy-300x200.jpg 300w, https:\/\/sp1.kielce.eu\/wp-content\/uploads\/2020\/01\/6-Copy-768x512.jpg 768w, https:\/\/sp1.kielce.eu\/wp-content\/uploads\/2020\/01\/6-Copy-600x400.jpg 600w, https:\/\/sp1.kielce.eu\/wp-content\/uploads\/2020\/01\/6-Copy-820x547.jpg 820w\" sizes=\"auto, (max-width: 1200px) 100vw, 1200px\" \/><\/a><\/figure><\/li><li class=\"blocks-gallery-item\"><figure><a href=\"http:\/\/sp1.kielce.eu\/wp-content\/uploads\/2020\/01\/7-Copy.jpg\"><img loading=\"lazy\" decoding=\"async\" width=\"1200\" height=\"883\" src=\"http:\/\/sp1.kielce.eu\/wp-content\/uploads\/2020\/01\/7-Copy.jpg\" alt=\"\" data-id=\"10789\" data-link=\"http:\/\/sp1.kielce.eu\/?attachment_id=10789\" class=\"wp-image-10789\" srcset=\"https:\/\/sp1.kielce.eu\/wp-content\/uploads\/2020\/01\/7-Copy.jpg 1200w, https:\/\/sp1.kielce.eu\/wp-content\/uploads\/2020\/01\/7-Copy-300x221.jpg 300w, https:\/\/sp1.kielce.eu\/wp-content\/uploads\/2020\/01\/7-Copy-768x565.jpg 768w, https:\/\/sp1.kielce.eu\/wp-content\/uploads\/2020\/01\/7-Copy-820x603.jpg 820w\" sizes=\"auto, (max-width: 1200px) 100vw, 1200px\" \/><\/a><\/figure><\/li><\/ul>\n","protected":false},"excerpt":{"rendered":"<p>22.01.2020 w\u00a0\u015awietlicy Szkolnej mieli\u015bmy przyjemno\u015b\u0107 go\u015bci\u0107 Babcie i\u00a0Dziadk\u00f3w. Uczniowie klasy 3\u00a0a wraz z\u00a0wychowankami \u015awietlicy Szkolnej [&hellip;]<\/p>\n","protected":false},"author":13,"featured_media":10783,"comment_status":"closed","ping_status":"open","sticky":false,"template":"","format":"standard","meta":{"footnotes":""},"categories":[25],"tags":[],"class_list":["post-10782","post","type-post","status-publish","format-standard","has-post-thumbnail","hentry","category-swietlica"],"_links":{"self":[{"href":"https:\/\/sp1.kielce.eu\/index.php\/wp-json\/wp\/v2\/posts\/10782","targetHints":{"allow":["GET"]}}],"collection":[{"href":"https:\/\/sp1.kielce.eu\/index.php\/wp-json\/wp\/v2\/posts"}],"about":[{"href":"https:\/\/sp1.kielce.eu\/index.php\/wp-json\/wp\/v2\/types\/post"}],"author":[{"embeddable":true,"href":"https:\/\/sp1.kielce.eu\/index.php\/wp-json\/wp\/v2\/users\/13"}],"replies":[{"embeddable":true,"href":"https:\/\/sp1.kielce.eu\/index.php\/wp-json\/wp\/v2\/comments?post=10782"}],"version-history":[{"count":1,"href":"https:\/\/sp1.kielce.eu\/index.php\/wp-json\/wp\/v2\/posts\/10782\/revisions"}],"predecessor-version":[{"id":10790,"href":"https:\/\/sp1.kielce.eu\/index.php\/wp-json\/wp\/v2\/posts\/10782\/revisions\/10790"}],"wp:featuredmedia":[{"embeddable":true,"href":"https:\/\/sp1.kielce.eu\/index.php\/wp-json\/wp\/v2\/media\/10783"}],"wp:attachment":[{"href":"https:\/\/sp1.kielce.eu\/index.php\/wp-json\/wp\/v2\/media?parent=10782"}],"wp:term":[{"taxonomy":"category","embeddable":true,"href":"https:\/\/sp1.kielce.eu\/index.php\/wp-json\/wp\/v2\/categories?post=10782"},{"taxonomy":"post_tag","embeddable":true,"href":"https:\/\/sp1.kielce.eu\/index.php\/wp-json\/wp\/v2\/tags?post=10782"}],"curies":[{"name":"wp","href":"https:\/\/api.w.org\/{rel}","templated":true}]}}