{"id":10756,"date":"2020-01-26T00:05:09","date_gmt":"2020-01-25T23:05:09","guid":{"rendered":"http:\/\/sp1.kielce.eu\/?p=10756"},"modified":"2020-01-26T00:50:05","modified_gmt":"2020-01-25T23:50:05","slug":"razem-dla-hani","status":"publish","type":"post","link":"https:\/\/sp1.kielce.eu\/index.php\/2020\/01\/26\/razem-dla-hani\/","title":{"rendered":"Razem dla Hani"},"content":{"rendered":"\n<p>25 stycznia od  godziny 15:00, w Kieleckim Centrum Kultury, organizowany jest Wielki  Koncert Charytatywny na rzecz 18-miesi\u0119cznej Hani Terleckiej.<br><\/p>\n\n\n\n<p>Wyst\u0105pi  ok. 20 wykonawc\u00f3w, ca\u0142y czas b\u0119d\u0105 organizowane aukcje, (np. obiad z  prezydentem Went\u0105 i jego ma\u0142\u017conk\u0105, Iwon\u0105) zaj\u0119cia dla najm\u0142odszych oraz  spotkania z gwiazdami \u2013 jak Karol Bielecki, S\u0142awomir Szmal czy ekipa  kieleckiego GoogleBox z Mateuszem Borkowskim \u2013 BigBoy\u2019em na czele.<\/p>\n\n\n\n<p style=\"text-align:right\">\n\nDyrektor Szko\u0142y \u2013 \u017baneta Szczepaniak\n\n<\/p>\n","protected":false},"excerpt":{"rendered":"<p>25 stycznia od godziny 15:00, w Kieleckim Centrum Kultury, organizowany jest Wielki Koncert Charytatywny na [&hellip;]<\/p>\n","protected":false},"author":4,"featured_media":10757,"comment_status":"closed","ping_status":"open","sticky":false,"template":"","format":"standard","meta":{"footnotes":""},"categories":[1],"tags":[],"class_list":["post-10756","post","type-post","status-publish","format-standard","has-post-thumbnail","hentry","category-bez-kategorii"],"_links":{"self":[{"href":"https:\/\/sp1.kielce.eu\/index.php\/wp-json\/wp\/v2\/posts\/10756","targetHints":{"allow":["GET"]}}],"collection":[{"href":"https:\/\/sp1.kielce.eu\/index.php\/wp-json\/wp\/v2\/posts"}],"about":[{"href":"https:\/\/sp1.kielce.eu\/index.php\/wp-json\/wp\/v2\/types\/post"}],"author":[{"embeddable":true,"href":"https:\/\/sp1.kielce.eu\/index.php\/wp-json\/wp\/v2\/users\/4"}],"replies":[{"embeddable":true,"href":"https:\/\/sp1.kielce.eu\/index.php\/wp-json\/wp\/v2\/comments?post=10756"}],"version-history":[{"count":2,"href":"https:\/\/sp1.kielce.eu\/index.php\/wp-json\/wp\/v2\/posts\/10756\/revisions"}],"predecessor-version":[{"id":10763,"href":"https:\/\/sp1.kielce.eu\/index.php\/wp-json\/wp\/v2\/posts\/10756\/revisions\/10763"}],"wp:featuredmedia":[{"embeddable":true,"href":"https:\/\/sp1.kielce.eu\/index.php\/wp-json\/wp\/v2\/media\/10757"}],"wp:attachment":[{"href":"https:\/\/sp1.kielce.eu\/index.php\/wp-json\/wp\/v2\/media?parent=10756"}],"wp:term":[{"taxonomy":"category","embeddable":true,"href":"https:\/\/sp1.kielce.eu\/index.php\/wp-json\/wp\/v2\/categories?post=10756"},{"taxonomy":"post_tag","embeddable":true,"href":"https:\/\/sp1.kielce.eu\/index.php\/wp-json\/wp\/v2\/tags?post=10756"}],"curies":[{"name":"wp","href":"https:\/\/api.w.org\/{rel}","templated":true}]}}