{"id":10585,"date":"2020-01-19T21:12:14","date_gmt":"2020-01-19T20:12:14","guid":{"rendered":"http:\/\/sp1.kielce.eu\/?p=10585"},"modified":"2020-01-19T21:12:14","modified_gmt":"2020-01-19T20:12:14","slug":"zostan-dziennikarzem-profesjonalne-warsztaty-radiowe","status":"publish","type":"post","link":"https:\/\/sp1.kielce.eu\/index.php\/2020\/01\/19\/zostan-dziennikarzem-profesjonalne-warsztaty-radiowe\/","title":{"rendered":",,Zosta\u0144 dziennikarzem- profesjonalne warsztaty radiowe&#8230;&#8221;"},"content":{"rendered":"\n<p style=\"text-align:left\">\n\nJak wygl\u0105da praca dziennikarza, najlepiej dowiedzie\u0107 si\u0119 w rozg\u0142o\u015bni radiowej. Z tego powodu klasy: 6 c i 7 c uczestniczy\u0142y 16 stycznia w profesjonalnych warsztatach w siedzibie kieleckiego Radia eM. W trakcie dwugodzinnych zaj\u0119\u0107 prowadzonych przez do\u015bwiadczonego dziennikarza uczniowie poznali gatunki prasowe, dowiedzieli si\u0119, jak napisa\u0107 artyku\u0142 &nbsp;&nbsp;&nbsp;w spos\u00f3b ciekawy dla odbiorcy oraz na co zwr\u00f3ci\u0107 uwag\u0119 uk\u0142adaj\u0105c tytu\u0142. Zwie\u0144czeniem zaj\u0119\u0107 by\u0142o zredagowanie informacji prasowej i dyskusja nad rezultatami pracy po\u0142\u0105czona z przekazaniem praktycznych uwag. Wskazywanie b\u0142\u0119d\u00f3w j\u0119zykowych<br>w prezentowanych tekstach u\u015bwiadomi\u0142o uczniom rang\u0119 zagadnienia i znaczenie j\u0119zyka w komunikacji mi\u0119dzyludzkiej.<br>&nbsp;&nbsp;&nbsp;Zainteresowanie wzbudzi\u0142y r\u00f3wnie\u017c informacje na temat zasad pracy dziennikarskiej, regulowanej przez Kart\u0119 Etyczn\u0105 Medi\u00f3w oraz cechy wyr\u00f3\u017cniaj\u0105ce tabloidy.<br>&nbsp;&nbsp;&nbsp;Kolejn\u0105 atrakcj\u0105 by\u0142o zwiedzanie rozg\u0142o\u015bni- studio nagra\u0144 i studio emisji, zapoznanie si\u0119 ze sprz\u0119tem radiowym oraz mo\u017cliwo\u015b\u0107 zadawania pyta\u0144 pracuj\u0105cym w newsroomie dziennikarzom.<br>&nbsp;&nbsp;&nbsp;S\u0142odki&nbsp;pocz\u0119stunek&nbsp;by\u0142&nbsp;mi\u0142ym&nbsp;akcentem&nbsp;wie\u0144cz\u0105cym&nbsp;zaj\u0119cia.<br>&nbsp;&nbsp;&nbsp;By\u0107 mo\u017ce udzia\u0142 w dzisiejszych warsztatach u\u0142atwi kt\u00f3remu\u015b z uczni\u00f3w podj\u0119cie decyzji, co do dalszego kszta\u0142cenia&#8230;<\/p>\n\n\n\n<p style=\"text-align:right\">&nbsp;&nbsp;&nbsp;&nbsp;&nbsp;&nbsp;&nbsp;&nbsp;&nbsp;&nbsp;&nbsp;&nbsp;&nbsp;&nbsp;&nbsp;&nbsp;&nbsp;&nbsp;&nbsp;&nbsp;&nbsp;&nbsp;&nbsp;&nbsp;&nbsp;&nbsp;&nbsp;&nbsp;&nbsp;&nbsp;&nbsp;&nbsp;&nbsp;&nbsp;&nbsp;&nbsp;&nbsp;&nbsp;Renata Petrus- nauczycielka j\u0119zyka polskiego<br>&nbsp;&nbsp;&nbsp;&nbsp;&nbsp;&nbsp;&nbsp;&nbsp;&nbsp;&nbsp;&nbsp;&nbsp;&nbsp;&nbsp;&nbsp;&nbsp;&nbsp;&nbsp;&nbsp;&nbsp;&nbsp;&nbsp;&nbsp;&nbsp;&nbsp;&nbsp;&nbsp;&nbsp;&nbsp;&nbsp;&nbsp;&nbsp;&nbsp;&nbsp;&nbsp;&nbsp;&nbsp;&nbsp;Urszula Sodel- nauczycielka matematyki\n\n<\/p>\n\n\n\n<ul class=\"wp-block-gallery columns-3 is-cropped wp-block-gallery-1 is-layout-flex wp-block-gallery-is-layout-flex\"><li class=\"blocks-gallery-item\"><figure><a href=\"http:\/\/sp1.kielce.eu\/wp-content\/uploads\/2020\/01\/20200116_093913-Medium.jpg\"><img loading=\"lazy\" decoding=\"async\" width=\"1024\" height=\"768\" src=\"http:\/\/sp1.kielce.eu\/wp-content\/uploads\/2020\/01\/20200116_093913-Medium.jpg\" alt=\"\" data-id=\"10586\" data-link=\"http:\/\/sp1.kielce.eu\/?attachment_id=10586\" class=\"wp-image-10586\" srcset=\"https:\/\/sp1.kielce.eu\/wp-content\/uploads\/2020\/01\/20200116_093913-Medium.jpg 1024w, https:\/\/sp1.kielce.eu\/wp-content\/uploads\/2020\/01\/20200116_093913-Medium-300x225.jpg 300w, https:\/\/sp1.kielce.eu\/wp-content\/uploads\/2020\/01\/20200116_093913-Medium-768x576.jpg 768w, https:\/\/sp1.kielce.eu\/wp-content\/uploads\/2020\/01\/20200116_093913-Medium-820x615.jpg 820w\" sizes=\"auto, (max-width: 1024px) 100vw, 1024px\" \/><\/a><figcaption>1<\/figcaption><\/figure><\/li><li class=\"blocks-gallery-item\"><figure><a href=\"http:\/\/sp1.kielce.eu\/wp-content\/uploads\/2020\/01\/20200116_102930-Medium.jpg\"><img loading=\"lazy\" decoding=\"async\" width=\"1024\" height=\"768\" src=\"http:\/\/sp1.kielce.eu\/wp-content\/uploads\/2020\/01\/20200116_102930-Medium.jpg\" alt=\"\" data-id=\"10587\" data-link=\"http:\/\/sp1.kielce.eu\/?attachment_id=10587\" class=\"wp-image-10587\" srcset=\"https:\/\/sp1.kielce.eu\/wp-content\/uploads\/2020\/01\/20200116_102930-Medium.jpg 1024w, https:\/\/sp1.kielce.eu\/wp-content\/uploads\/2020\/01\/20200116_102930-Medium-300x225.jpg 300w, https:\/\/sp1.kielce.eu\/wp-content\/uploads\/2020\/01\/20200116_102930-Medium-768x576.jpg 768w, https:\/\/sp1.kielce.eu\/wp-content\/uploads\/2020\/01\/20200116_102930-Medium-820x615.jpg 820w\" sizes=\"auto, (max-width: 1024px) 100vw, 1024px\" \/><\/a><figcaption>2<\/figcaption><\/figure><\/li><li class=\"blocks-gallery-item\"><figure><a href=\"http:\/\/sp1.kielce.eu\/wp-content\/uploads\/2020\/01\/20200116_111532-Medium.jpg\"><img loading=\"lazy\" decoding=\"async\" width=\"1024\" height=\"768\" src=\"http:\/\/sp1.kielce.eu\/wp-content\/uploads\/2020\/01\/20200116_111532-Medium.jpg\" alt=\"\" data-id=\"10588\" data-link=\"http:\/\/sp1.kielce.eu\/?attachment_id=10588\" class=\"wp-image-10588\" srcset=\"https:\/\/sp1.kielce.eu\/wp-content\/uploads\/2020\/01\/20200116_111532-Medium.jpg 1024w, https:\/\/sp1.kielce.eu\/wp-content\/uploads\/2020\/01\/20200116_111532-Medium-300x225.jpg 300w, https:\/\/sp1.kielce.eu\/wp-content\/uploads\/2020\/01\/20200116_111532-Medium-768x576.jpg 768w, https:\/\/sp1.kielce.eu\/wp-content\/uploads\/2020\/01\/20200116_111532-Medium-820x615.jpg 820w\" sizes=\"auto, (max-width: 1024px) 100vw, 1024px\" \/><\/a><figcaption>3<\/figcaption><\/figure><\/li><li class=\"blocks-gallery-item\"><figure><a href=\"http:\/\/sp1.kielce.eu\/wp-content\/uploads\/2020\/01\/20200116_111845-Medium.jpg\"><img loading=\"lazy\" decoding=\"async\" width=\"768\" height=\"786\" src=\"http:\/\/sp1.kielce.eu\/wp-content\/uploads\/2020\/01\/20200116_111845-Medium.jpg\" alt=\"\" data-id=\"10589\" data-link=\"http:\/\/sp1.kielce.eu\/?attachment_id=10589\" class=\"wp-image-10589\" srcset=\"https:\/\/sp1.kielce.eu\/wp-content\/uploads\/2020\/01\/20200116_111845-Medium.jpg 768w, https:\/\/sp1.kielce.eu\/wp-content\/uploads\/2020\/01\/20200116_111845-Medium-293x300.jpg 293w\" sizes=\"auto, (max-width: 768px) 100vw, 768px\" \/><\/a><figcaption>4<\/figcaption><\/figure><\/li><li class=\"blocks-gallery-item\"><figure><a href=\"http:\/\/sp1.kielce.eu\/wp-content\/uploads\/2020\/01\/20200116_113054-Medium.jpg\"><img loading=\"lazy\" decoding=\"async\" width=\"1024\" height=\"768\" src=\"http:\/\/sp1.kielce.eu\/wp-content\/uploads\/2020\/01\/20200116_113054-Medium.jpg\" alt=\"\" data-id=\"10590\" data-link=\"http:\/\/sp1.kielce.eu\/?attachment_id=10590\" class=\"wp-image-10590\" srcset=\"https:\/\/sp1.kielce.eu\/wp-content\/uploads\/2020\/01\/20200116_113054-Medium.jpg 1024w, https:\/\/sp1.kielce.eu\/wp-content\/uploads\/2020\/01\/20200116_113054-Medium-300x225.jpg 300w, https:\/\/sp1.kielce.eu\/wp-content\/uploads\/2020\/01\/20200116_113054-Medium-768x576.jpg 768w, https:\/\/sp1.kielce.eu\/wp-content\/uploads\/2020\/01\/20200116_113054-Medium-820x615.jpg 820w\" sizes=\"auto, (max-width: 1024px) 100vw, 1024px\" \/><\/a><figcaption>5<\/figcaption><\/figure><\/li><li class=\"blocks-gallery-item\"><figure><a href=\"http:\/\/sp1.kielce.eu\/wp-content\/uploads\/2020\/01\/20200116_194931-Medium.jpg\"><img loading=\"lazy\" decoding=\"async\" width=\"1229\" height=\"768\" src=\"http:\/\/sp1.kielce.eu\/wp-content\/uploads\/2020\/01\/20200116_194931-Medium.jpg\" alt=\"\" data-id=\"10591\" data-link=\"http:\/\/sp1.kielce.eu\/?attachment_id=10591\" class=\"wp-image-10591\" srcset=\"https:\/\/sp1.kielce.eu\/wp-content\/uploads\/2020\/01\/20200116_194931-Medium.jpg 1229w, https:\/\/sp1.kielce.eu\/wp-content\/uploads\/2020\/01\/20200116_194931-Medium-300x187.jpg 300w, https:\/\/sp1.kielce.eu\/wp-content\/uploads\/2020\/01\/20200116_194931-Medium-768x480.jpg 768w, https:\/\/sp1.kielce.eu\/wp-content\/uploads\/2020\/01\/20200116_194931-Medium-820x512.jpg 820w\" sizes=\"auto, (max-width: 1229px) 100vw, 1229px\" \/><\/a><figcaption>6<\/figcaption><\/figure><\/li><\/ul>\n","protected":false},"excerpt":{"rendered":"<p>Jak wygl\u0105da praca dziennikarza, najlepiej dowiedzie\u0107 si\u0119 w rozg\u0142o\u015bni radiowej. Z tego powodu klasy: 6 [&hellip;]<\/p>\n","protected":false},"author":5,"featured_media":10590,"comment_status":"closed","ping_status":"open","sticky":false,"template":"","format":"standard","meta":{"footnotes":""},"categories":[36],"tags":[],"class_list":["post-10585","post","type-post","status-publish","format-standard","has-post-thumbnail","hentry","category-wydarzenia"],"_links":{"self":[{"href":"https:\/\/sp1.kielce.eu\/index.php\/wp-json\/wp\/v2\/posts\/10585","targetHints":{"allow":["GET"]}}],"collection":[{"href":"https:\/\/sp1.kielce.eu\/index.php\/wp-json\/wp\/v2\/posts"}],"about":[{"href":"https:\/\/sp1.kielce.eu\/index.php\/wp-json\/wp\/v2\/types\/post"}],"author":[{"embeddable":true,"href":"https:\/\/sp1.kielce.eu\/index.php\/wp-json\/wp\/v2\/users\/5"}],"replies":[{"embeddable":true,"href":"https:\/\/sp1.kielce.eu\/index.php\/wp-json\/wp\/v2\/comments?post=10585"}],"version-history":[{"count":1,"href":"https:\/\/sp1.kielce.eu\/index.php\/wp-json\/wp\/v2\/posts\/10585\/revisions"}],"predecessor-version":[{"id":10592,"href":"https:\/\/sp1.kielce.eu\/index.php\/wp-json\/wp\/v2\/posts\/10585\/revisions\/10592"}],"wp:featuredmedia":[{"embeddable":true,"href":"https:\/\/sp1.kielce.eu\/index.php\/wp-json\/wp\/v2\/media\/10590"}],"wp:attachment":[{"href":"https:\/\/sp1.kielce.eu\/index.php\/wp-json\/wp\/v2\/media?parent=10585"}],"wp:term":[{"taxonomy":"category","embeddable":true,"href":"https:\/\/sp1.kielce.eu\/index.php\/wp-json\/wp\/v2\/categories?post=10585"},{"taxonomy":"post_tag","embeddable":true,"href":"https:\/\/sp1.kielce.eu\/index.php\/wp-json\/wp\/v2\/tags?post=10585"}],"curies":[{"name":"wp","href":"https:\/\/api.w.org\/{rel}","templated":true}]}}