{"id":10574,"date":"2020-01-19T21:02:03","date_gmt":"2020-01-19T20:02:03","guid":{"rendered":"http:\/\/sp1.kielce.eu\/?p=10574"},"modified":"2020-01-21T15:21:00","modified_gmt":"2020-01-21T14:21:00","slug":"muzyczne-podium-dla-mlodych-artystek-z-s-p-nr-1","status":"publish","type":"post","link":"https:\/\/sp1.kielce.eu\/index.php\/2020\/01\/19\/muzyczne-podium-dla-mlodych-artystek-z-s-p-nr-1\/","title":{"rendered":"MUZYCZNE PODIUM DLA M\u0141ODYCH ARTYSTEK Z S.P.nr 1"},"content":{"rendered":"\n<p> Muzyczne&nbsp;podium&nbsp;dla&nbsp;m\u0142odych&nbsp;artystek&nbsp;z&nbsp;SP&nbsp;nr&nbsp;1.<br>Dnia 15 stycznia 2020r. w Sp nr 7 w Kielcach odby\u0142 si\u0119 si\u00f3dmy Miedzyszkolny Konkurs Kol\u0119d I Pastoralek &#8222;Hej,kol\u0119da&#8230;&#8221;<br>W kategorii solist\u00f3w klas m\u0142odszych wyst\u0105pi\u0142a Karolina Gola i pokona\u0142a konkurencj\u0119 zdobywaj\u0105c pierwsze miejsce.<br>Karolina&nbsp;Piwko&nbsp;wywalczy\u0142a&nbsp;trzecie&nbsp;miejsce&nbsp;w&nbsp;kategorii&nbsp;soli\u015bci&nbsp;klas&nbsp;4-8.<br>Zesp\u00f3\u0142&nbsp;Jedynkowe&nbsp;Nutki&nbsp;w&nbsp;sk\u0142adzie&nbsp;:&nbsp;K.&nbsp;Kozuch,&nbsp;A.&nbsp;Stycze\u0144&nbsp;W.&nbsp;Szyski<br>A.&nbsp;Zago\u017adzi\u0144skiej&nbsp;W.&nbsp;Bujak&nbsp;zaj\u0105\u0142&nbsp;zaszczytne&nbsp;drugie&nbsp;miejsce.<br>W&nbsp;dzia\u0142aniach&nbsp;muzycznych&nbsp;pomoc\u0105&nbsp;s\u0142u\u017cy\u0142y&nbsp;wychowawczynie&nbsp;klas&nbsp;3&nbsp;:<br>Pani&nbsp;Ma\u0142gorzata&nbsp;Kasza&nbsp;i&nbsp;Pani&nbsp;Iwona&nbsp;Ko\u015bcielecka&nbsp;oraz&nbsp;nauczyciel&nbsp;muzyki<br>Pani&nbsp;El\u017cbieta&nbsp;Litwinek.<br>Podzi\u0119kowania nale\u017c\u0105 si\u0119 r\u00f3wnie\u017c rodzicom: Pani E. Kozuch, E.Zago\u017adzi\u0144skiej i A.Piwko kt\u00f3re zapewni\u0142y dzieciom transport,opiek\u0119 i duchowe wsparcie.<br>Opiekun&nbsp;El\u017cbieta&nbsp;Litwinek <\/p>\n\n\n\n<ul class=\"wp-block-gallery columns-3 is-cropped wp-block-gallery-1 is-layout-flex wp-block-gallery-is-layout-flex\"><li class=\"blocks-gallery-item\"><figure><a href=\"http:\/\/sp1.kielce.eu\/wp-content\/uploads\/2020\/01\/Ela1.jpg\"><img loading=\"lazy\" decoding=\"async\" width=\"320\" height=\"640\" src=\"http:\/\/sp1.kielce.eu\/wp-content\/uploads\/2020\/01\/Ela1.jpg\" alt=\"\" data-id=\"10575\" data-link=\"http:\/\/sp1.kielce.eu\/?attachment_id=10575\" class=\"wp-image-10575\" srcset=\"https:\/\/sp1.kielce.eu\/wp-content\/uploads\/2020\/01\/Ela1.jpg 320w, https:\/\/sp1.kielce.eu\/wp-content\/uploads\/2020\/01\/Ela1-150x300.jpg 150w\" sizes=\"auto, (max-width: 320px) 100vw, 320px\" \/><\/a><figcaption>1<\/figcaption><\/figure><\/li><li class=\"blocks-gallery-item\"><figure><a href=\"http:\/\/sp1.kielce.eu\/wp-content\/uploads\/2020\/01\/Ela1-1.jpg\"><img loading=\"lazy\" decoding=\"async\" width=\"640\" height=\"303\" src=\"http:\/\/sp1.kielce.eu\/wp-content\/uploads\/2020\/01\/Ela1-1.jpg\" alt=\"\" data-id=\"10724\" data-link=\"http:\/\/sp1.kielce.eu\/index.php\/2020\/01\/19\/muzyczne-podium-dla-mlodych-artystek-z-s-p-nr-1\/ela1-1\/\" class=\"wp-image-10724\" srcset=\"https:\/\/sp1.kielce.eu\/wp-content\/uploads\/2020\/01\/Ela1-1.jpg 640w, https:\/\/sp1.kielce.eu\/wp-content\/uploads\/2020\/01\/Ela1-1-300x142.jpg 300w\" sizes=\"auto, (max-width: 640px) 100vw, 640px\" \/><\/a><figcaption>2<\/figcaption><\/figure><\/li><li class=\"blocks-gallery-item\"><figure><a href=\"http:\/\/sp1.kielce.eu\/wp-content\/uploads\/2020\/01\/Ela2.jpg\"><img loading=\"lazy\" decoding=\"async\" width=\"320\" height=\"640\" src=\"http:\/\/sp1.kielce.eu\/wp-content\/uploads\/2020\/01\/Ela2.jpg\" alt=\"\" data-id=\"10725\" data-link=\"http:\/\/sp1.kielce.eu\/index.php\/2020\/01\/19\/muzyczne-podium-dla-mlodych-artystek-z-s-p-nr-1\/ela2\/\" class=\"wp-image-10725\" srcset=\"https:\/\/sp1.kielce.eu\/wp-content\/uploads\/2020\/01\/Ela2.jpg 320w, https:\/\/sp1.kielce.eu\/wp-content\/uploads\/2020\/01\/Ela2-150x300.jpg 150w\" sizes=\"auto, (max-width: 320px) 100vw, 320px\" \/><\/a><figcaption>3<\/figcaption><\/figure><\/li><li class=\"blocks-gallery-item\"><figure><a href=\"http:\/\/sp1.kielce.eu\/wp-content\/uploads\/2020\/01\/image000001.jpg\"><img loading=\"lazy\" decoding=\"async\" width=\"320\" height=\"640\" src=\"http:\/\/sp1.kielce.eu\/wp-content\/uploads\/2020\/01\/image000001.jpg\" alt=\"\" data-id=\"10726\" data-link=\"http:\/\/sp1.kielce.eu\/index.php\/2020\/01\/19\/muzyczne-podium-dla-mlodych-artystek-z-s-p-nr-1\/image000001\/\" class=\"wp-image-10726\" srcset=\"https:\/\/sp1.kielce.eu\/wp-content\/uploads\/2020\/01\/image000001.jpg 320w, https:\/\/sp1.kielce.eu\/wp-content\/uploads\/2020\/01\/image000001-150x300.jpg 150w\" sizes=\"auto, (max-width: 320px) 100vw, 320px\" \/><\/a><figcaption>4<\/figcaption><\/figure><\/li><\/ul>\n","protected":false},"excerpt":{"rendered":"<p>Muzyczne&nbsp;podium&nbsp;dla&nbsp;m\u0142odych&nbsp;artystek&nbsp;z&nbsp;SP&nbsp;nr&nbsp;1.Dnia 15 stycznia 2020r. w Sp nr 7 w Kielcach odby\u0142 si\u0119 si\u00f3dmy Miedzyszkolny Konkurs [&hellip;]<\/p>\n","protected":false},"author":5,"featured_media":10575,"comment_status":"closed","ping_status":"open","sticky":false,"template":"","format":"standard","meta":{"footnotes":""},"categories":[36],"tags":[],"class_list":["post-10574","post","type-post","status-publish","format-standard","has-post-thumbnail","hentry","category-wydarzenia"],"_links":{"self":[{"href":"https:\/\/sp1.kielce.eu\/index.php\/wp-json\/wp\/v2\/posts\/10574","targetHints":{"allow":["GET"]}}],"collection":[{"href":"https:\/\/sp1.kielce.eu\/index.php\/wp-json\/wp\/v2\/posts"}],"about":[{"href":"https:\/\/sp1.kielce.eu\/index.php\/wp-json\/wp\/v2\/types\/post"}],"author":[{"embeddable":true,"href":"https:\/\/sp1.kielce.eu\/index.php\/wp-json\/wp\/v2\/users\/5"}],"replies":[{"embeddable":true,"href":"https:\/\/sp1.kielce.eu\/index.php\/wp-json\/wp\/v2\/comments?post=10574"}],"version-history":[{"count":2,"href":"https:\/\/sp1.kielce.eu\/index.php\/wp-json\/wp\/v2\/posts\/10574\/revisions"}],"predecessor-version":[{"id":10727,"href":"https:\/\/sp1.kielce.eu\/index.php\/wp-json\/wp\/v2\/posts\/10574\/revisions\/10727"}],"wp:featuredmedia":[{"embeddable":true,"href":"https:\/\/sp1.kielce.eu\/index.php\/wp-json\/wp\/v2\/media\/10575"}],"wp:attachment":[{"href":"https:\/\/sp1.kielce.eu\/index.php\/wp-json\/wp\/v2\/media?parent=10574"}],"wp:term":[{"taxonomy":"category","embeddable":true,"href":"https:\/\/sp1.kielce.eu\/index.php\/wp-json\/wp\/v2\/categories?post=10574"},{"taxonomy":"post_tag","embeddable":true,"href":"https:\/\/sp1.kielce.eu\/index.php\/wp-json\/wp\/v2\/tags?post=10574"}],"curies":[{"name":"wp","href":"https:\/\/api.w.org\/{rel}","templated":true}]}}