{"id":10560,"date":"2020-01-19T20:53:41","date_gmt":"2020-01-19T19:53:41","guid":{"rendered":"http:\/\/sp1.kielce.eu\/?p=10560"},"modified":"2020-01-19T20:53:41","modified_gmt":"2020-01-19T19:53:41","slug":"katecheza-multimedialna-kl-5a","status":"publish","type":"post","link":"https:\/\/sp1.kielce.eu\/index.php\/2020\/01\/19\/katecheza-multimedialna-kl-5a\/","title":{"rendered":"Katecheza Multimedialna kl 5a"},"content":{"rendered":"\n<p>\n\nDnia &nbsp;13 grudnia 2019r. uczniowie kl. 5a z s .Ceyli\u0105 &#8211; Mari\u0105 Misztal uczestniczyli w katechezie multimedialnej i &nbsp;zaj\u0119ciach warsztatowych w Muzeum Diecezjalnym w Kielcach. Uczniowie poznawali dawne zwyczaje \u015bwiateczne, w\u0142asnor\u0119cznie wykonywalipi\u0119kne kartki \u015bwiateczne i uk\u0142adali puzle zwi\u0105zane z tradycjami \u015bwi\u0105t Bo\u017ceo Narodzenia. &nbsp;Zaj\u0119cia przynios\u0142y wiele dobra- uczniowie razem wykonywali zadania , co przyczyni\u0142o si\u0119 do integracji klasy .<br>&nbsp;&nbsp;&nbsp;&nbsp;&nbsp;&nbsp;&nbsp;&nbsp;&nbsp;&nbsp;&nbsp;&nbsp;&nbsp;&nbsp;&nbsp;&nbsp;&nbsp;&nbsp;&nbsp;&nbsp;&nbsp;&nbsp;&nbsp;&nbsp;&nbsp;&nbsp;&nbsp;&nbsp;&nbsp;&nbsp;&nbsp;&nbsp;&nbsp;s.&nbsp;Cecylia&nbsp;&#8211;&nbsp;Maria&nbsp;Misztal\n\n<\/p>\n\n\n\n<ul class=\"wp-block-gallery columns-3 is-cropped wp-block-gallery-1 is-layout-flex wp-block-gallery-is-layout-flex\"><li class=\"blocks-gallery-item\"><figure><a href=\"http:\/\/sp1.kielce.eu\/wp-content\/uploads\/2020\/01\/1-Medium.jpg\"><img loading=\"lazy\" decoding=\"async\" width=\"1366\" height=\"768\" src=\"http:\/\/sp1.kielce.eu\/wp-content\/uploads\/2020\/01\/1-Medium.jpg\" alt=\"\" data-id=\"10561\" data-link=\"http:\/\/sp1.kielce.eu\/?attachment_id=10561\" class=\"wp-image-10561\" srcset=\"https:\/\/sp1.kielce.eu\/wp-content\/uploads\/2020\/01\/1-Medium.jpg 1366w, https:\/\/sp1.kielce.eu\/wp-content\/uploads\/2020\/01\/1-Medium-300x169.jpg 300w, https:\/\/sp1.kielce.eu\/wp-content\/uploads\/2020\/01\/1-Medium-768x432.jpg 768w, https:\/\/sp1.kielce.eu\/wp-content\/uploads\/2020\/01\/1-Medium-820x461.jpg 820w\" sizes=\"auto, (max-width: 1366px) 100vw, 1366px\" \/><\/a><figcaption>1<\/figcaption><\/figure><\/li><li class=\"blocks-gallery-item\"><figure><a href=\"http:\/\/sp1.kielce.eu\/wp-content\/uploads\/2020\/01\/2-Medium.jpg\"><img loading=\"lazy\" decoding=\"async\" width=\"1366\" height=\"768\" src=\"http:\/\/sp1.kielce.eu\/wp-content\/uploads\/2020\/01\/2-Medium.jpg\" alt=\"\" data-id=\"10562\" data-link=\"http:\/\/sp1.kielce.eu\/?attachment_id=10562\" class=\"wp-image-10562\" srcset=\"https:\/\/sp1.kielce.eu\/wp-content\/uploads\/2020\/01\/2-Medium.jpg 1366w, https:\/\/sp1.kielce.eu\/wp-content\/uploads\/2020\/01\/2-Medium-300x169.jpg 300w, https:\/\/sp1.kielce.eu\/wp-content\/uploads\/2020\/01\/2-Medium-768x432.jpg 768w, https:\/\/sp1.kielce.eu\/wp-content\/uploads\/2020\/01\/2-Medium-820x461.jpg 820w\" sizes=\"auto, (max-width: 1366px) 100vw, 1366px\" \/><\/a><figcaption>2<\/figcaption><\/figure><\/li><li class=\"blocks-gallery-item\"><figure><a href=\"http:\/\/sp1.kielce.eu\/wp-content\/uploads\/2020\/01\/3-Medium.jpg\"><img loading=\"lazy\" decoding=\"async\" width=\"1024\" height=\"768\" src=\"http:\/\/sp1.kielce.eu\/wp-content\/uploads\/2020\/01\/3-Medium.jpg\" alt=\"\" data-id=\"10563\" data-link=\"http:\/\/sp1.kielce.eu\/?attachment_id=10563\" class=\"wp-image-10563\" srcset=\"https:\/\/sp1.kielce.eu\/wp-content\/uploads\/2020\/01\/3-Medium.jpg 1024w, https:\/\/sp1.kielce.eu\/wp-content\/uploads\/2020\/01\/3-Medium-300x225.jpg 300w, https:\/\/sp1.kielce.eu\/wp-content\/uploads\/2020\/01\/3-Medium-768x576.jpg 768w, https:\/\/sp1.kielce.eu\/wp-content\/uploads\/2020\/01\/3-Medium-820x615.jpg 820w\" sizes=\"auto, (max-width: 1024px) 100vw, 1024px\" \/><\/a><figcaption>3<\/figcaption><\/figure><\/li><li class=\"blocks-gallery-item\"><figure><a href=\"http:\/\/sp1.kielce.eu\/wp-content\/uploads\/2020\/01\/4-Medium.jpg\"><img loading=\"lazy\" decoding=\"async\" width=\"1024\" height=\"768\" src=\"http:\/\/sp1.kielce.eu\/wp-content\/uploads\/2020\/01\/4-Medium.jpg\" alt=\"\" data-id=\"10564\" data-link=\"http:\/\/sp1.kielce.eu\/?attachment_id=10564\" class=\"wp-image-10564\" srcset=\"https:\/\/sp1.kielce.eu\/wp-content\/uploads\/2020\/01\/4-Medium.jpg 1024w, https:\/\/sp1.kielce.eu\/wp-content\/uploads\/2020\/01\/4-Medium-300x225.jpg 300w, https:\/\/sp1.kielce.eu\/wp-content\/uploads\/2020\/01\/4-Medium-768x576.jpg 768w, https:\/\/sp1.kielce.eu\/wp-content\/uploads\/2020\/01\/4-Medium-820x615.jpg 820w\" sizes=\"auto, (max-width: 1024px) 100vw, 1024px\" \/><\/a><figcaption>4<\/figcaption><\/figure><\/li><li class=\"blocks-gallery-item\"><figure><a href=\"http:\/\/sp1.kielce.eu\/wp-content\/uploads\/2020\/01\/5-Medium.jpg\"><img loading=\"lazy\" decoding=\"async\" width=\"1366\" height=\"768\" src=\"http:\/\/sp1.kielce.eu\/wp-content\/uploads\/2020\/01\/5-Medium.jpg\" alt=\"\" data-id=\"10565\" data-link=\"http:\/\/sp1.kielce.eu\/?attachment_id=10565\" class=\"wp-image-10565\" srcset=\"https:\/\/sp1.kielce.eu\/wp-content\/uploads\/2020\/01\/5-Medium.jpg 1366w, https:\/\/sp1.kielce.eu\/wp-content\/uploads\/2020\/01\/5-Medium-300x169.jpg 300w, https:\/\/sp1.kielce.eu\/wp-content\/uploads\/2020\/01\/5-Medium-768x432.jpg 768w, https:\/\/sp1.kielce.eu\/wp-content\/uploads\/2020\/01\/5-Medium-820x461.jpg 820w\" sizes=\"auto, (max-width: 1366px) 100vw, 1366px\" \/><\/a><figcaption>5<\/figcaption><\/figure><\/li><li class=\"blocks-gallery-item\"><figure><a href=\"http:\/\/sp1.kielce.eu\/wp-content\/uploads\/2020\/01\/6-Medium.jpg\"><img loading=\"lazy\" decoding=\"async\" width=\"1024\" height=\"768\" src=\"http:\/\/sp1.kielce.eu\/wp-content\/uploads\/2020\/01\/6-Medium.jpg\" alt=\"\" data-id=\"10566\" data-link=\"http:\/\/sp1.kielce.eu\/?attachment_id=10566\" class=\"wp-image-10566\" srcset=\"https:\/\/sp1.kielce.eu\/wp-content\/uploads\/2020\/01\/6-Medium.jpg 1024w, https:\/\/sp1.kielce.eu\/wp-content\/uploads\/2020\/01\/6-Medium-300x225.jpg 300w, https:\/\/sp1.kielce.eu\/wp-content\/uploads\/2020\/01\/6-Medium-768x576.jpg 768w, https:\/\/sp1.kielce.eu\/wp-content\/uploads\/2020\/01\/6-Medium-820x615.jpg 820w\" sizes=\"auto, (max-width: 1024px) 100vw, 1024px\" \/><\/a><figcaption>6<\/figcaption><\/figure><\/li><\/ul>\n","protected":false},"excerpt":{"rendered":"<p>Dnia &nbsp;13 grudnia 2019r. uczniowie kl. 5a z s .Ceyli\u0105 &#8211; Mari\u0105 Misztal uczestniczyli w [&hellip;]<\/p>\n","protected":false},"author":5,"featured_media":10561,"comment_status":"closed","ping_status":"open","sticky":false,"template":"","format":"standard","meta":{"footnotes":""},"categories":[36],"tags":[],"class_list":["post-10560","post","type-post","status-publish","format-standard","has-post-thumbnail","hentry","category-wydarzenia"],"_links":{"self":[{"href":"https:\/\/sp1.kielce.eu\/index.php\/wp-json\/wp\/v2\/posts\/10560","targetHints":{"allow":["GET"]}}],"collection":[{"href":"https:\/\/sp1.kielce.eu\/index.php\/wp-json\/wp\/v2\/posts"}],"about":[{"href":"https:\/\/sp1.kielce.eu\/index.php\/wp-json\/wp\/v2\/types\/post"}],"author":[{"embeddable":true,"href":"https:\/\/sp1.kielce.eu\/index.php\/wp-json\/wp\/v2\/users\/5"}],"replies":[{"embeddable":true,"href":"https:\/\/sp1.kielce.eu\/index.php\/wp-json\/wp\/v2\/comments?post=10560"}],"version-history":[{"count":1,"href":"https:\/\/sp1.kielce.eu\/index.php\/wp-json\/wp\/v2\/posts\/10560\/revisions"}],"predecessor-version":[{"id":10567,"href":"https:\/\/sp1.kielce.eu\/index.php\/wp-json\/wp\/v2\/posts\/10560\/revisions\/10567"}],"wp:featuredmedia":[{"embeddable":true,"href":"https:\/\/sp1.kielce.eu\/index.php\/wp-json\/wp\/v2\/media\/10561"}],"wp:attachment":[{"href":"https:\/\/sp1.kielce.eu\/index.php\/wp-json\/wp\/v2\/media?parent=10560"}],"wp:term":[{"taxonomy":"category","embeddable":true,"href":"https:\/\/sp1.kielce.eu\/index.php\/wp-json\/wp\/v2\/categories?post=10560"},{"taxonomy":"post_tag","embeddable":true,"href":"https:\/\/sp1.kielce.eu\/index.php\/wp-json\/wp\/v2\/tags?post=10560"}],"curies":[{"name":"wp","href":"https:\/\/api.w.org\/{rel}","templated":true}]}}