{"id":10517,"date":"2020-01-15T11:16:52","date_gmt":"2020-01-15T10:16:52","guid":{"rendered":"http:\/\/sp1.kielce.eu\/?p=10517"},"modified":"2020-01-15T22:15:25","modified_gmt":"2020-01-15T21:15:25","slug":"wielka-orkiestra-swiatecznej-pomocy","status":"publish","type":"post","link":"https:\/\/sp1.kielce.eu\/index.php\/2020\/01\/15\/wielka-orkiestra-swiatecznej-pomocy\/","title":{"rendered":"WIELKA ORKIESTRA \u015aWI\u0104TECZNEJ POMOCY"},"content":{"rendered":"\n<p>W dniu 12 stycznia 2020 roku wolontariusze ze Szkolnego Ko\u0142a Wolontariatu Jedynka  w ramach wsp\u00f3\u0142pracy z Regionalnym Centrum Wolontariatu uczestniczyli w 28 finale Wielkiej Orkiestry \u015awi\u0105tecznej Pomocy kwestuj\u0105c na kieleckich ulicach. W zbi\u00f3rce uczestniczy\u0142o dziesi\u0119ciu wolontariuszy z klas \u00f3smych. <\/p>\n\n\n\n<p>Nasi uczniowie- wolontariusze zebrali \u0142\u0105cznie\u00a03 991,03 zl. Dzi\u0119kujemy i gratulujemy wyniku !\u00a0 <\/p>\n\n\n\n<p>Pieni\u0105dze zebrane podczas zbi\u00f3rki zostan\u0105 przeznaczone w tym roku na ratowanie zdrowia i \u017cycia dzieci- w szczeg\u00f3lno\u015bci na wsparcie dzieci\u0119cej medycyny zabiegowej.<\/p>\n\n\n\n<p>Cieszymy si\u0119 ,\u017ce i nasza szko\u0142a mog\u0142a wesprze\u0107 tak cenn\u0105 inicjatyw\u0119.<br><\/p>\n\n\n\n<p style=\"text-align:right\">Anna Materny<br>Opiekun Szkolnego Ko\u0142a Wolontariatu Jedynka<\/p>\n\n\n\n<ul class=\"wp-block-gallery columns-3 is-cropped wp-block-gallery-1 is-layout-flex wp-block-gallery-is-layout-flex\"><li class=\"blocks-gallery-item\"><figure><a href=\"http:\/\/sp1.kielce.eu\/wp-content\/uploads\/2020\/01\/20200115_092544.jpg\"><img loading=\"lazy\" decoding=\"async\" width=\"194\" height=\"355\" src=\"http:\/\/sp1.kielce.eu\/wp-content\/uploads\/2020\/01\/20200115_092544.jpg\" alt=\"\" data-id=\"10518\" data-link=\"http:\/\/sp1.kielce.eu\/?attachment_id=10518\" class=\"wp-image-10518\" srcset=\"https:\/\/sp1.kielce.eu\/wp-content\/uploads\/2020\/01\/20200115_092544.jpg 194w, https:\/\/sp1.kielce.eu\/wp-content\/uploads\/2020\/01\/20200115_092544-164x300.jpg 164w\" sizes=\"auto, (max-width: 194px) 100vw, 194px\" \/><\/a><\/figure><\/li><li class=\"blocks-gallery-item\"><figure><a href=\"http:\/\/sp1.kielce.eu\/wp-content\/uploads\/2020\/01\/20200115_092604.jpg\"><img loading=\"lazy\" decoding=\"async\" width=\"469\" height=\"249\" src=\"http:\/\/sp1.kielce.eu\/wp-content\/uploads\/2020\/01\/20200115_092604.jpg\" alt=\"\" data-id=\"10519\" data-link=\"http:\/\/sp1.kielce.eu\/?attachment_id=10519\" class=\"wp-image-10519\" srcset=\"https:\/\/sp1.kielce.eu\/wp-content\/uploads\/2020\/01\/20200115_092604.jpg 469w, https:\/\/sp1.kielce.eu\/wp-content\/uploads\/2020\/01\/20200115_092604-300x159.jpg 300w\" sizes=\"auto, (max-width: 469px) 100vw, 469px\" \/><\/a><\/figure><\/li><li class=\"blocks-gallery-item\"><figure><a href=\"http:\/\/sp1.kielce.eu\/wp-content\/uploads\/2020\/01\/20200115_092628.jpg\"><img loading=\"lazy\" decoding=\"async\" width=\"725\" height=\"563\" src=\"http:\/\/sp1.kielce.eu\/wp-content\/uploads\/2020\/01\/20200115_092628.jpg\" alt=\"\" data-id=\"10520\" data-link=\"http:\/\/sp1.kielce.eu\/?attachment_id=10520\" class=\"wp-image-10520\" srcset=\"https:\/\/sp1.kielce.eu\/wp-content\/uploads\/2020\/01\/20200115_092628.jpg 725w, https:\/\/sp1.kielce.eu\/wp-content\/uploads\/2020\/01\/20200115_092628-300x233.jpg 300w\" sizes=\"auto, (max-width: 725px) 100vw, 725px\" \/><\/a><\/figure><\/li><li class=\"blocks-gallery-item\"><figure><a href=\"http:\/\/sp1.kielce.eu\/wp-content\/uploads\/2020\/01\/20200115_092649-867x900.jpg\"><img loading=\"lazy\" decoding=\"async\" width=\"867\" height=\"900\" src=\"http:\/\/sp1.kielce.eu\/wp-content\/uploads\/2020\/01\/20200115_092649-867x900.jpg\" alt=\"\" data-id=\"10521\" data-link=\"http:\/\/sp1.kielce.eu\/?attachment_id=10521\" class=\"wp-image-10521\" srcset=\"https:\/\/sp1.kielce.eu\/wp-content\/uploads\/2020\/01\/20200115_092649-867x900.jpg 867w, https:\/\/sp1.kielce.eu\/wp-content\/uploads\/2020\/01\/20200115_092649-289x300.jpg 289w, https:\/\/sp1.kielce.eu\/wp-content\/uploads\/2020\/01\/20200115_092649-768x798.jpg 768w, https:\/\/sp1.kielce.eu\/wp-content\/uploads\/2020\/01\/20200115_092649-820x852.jpg 820w, https:\/\/sp1.kielce.eu\/wp-content\/uploads\/2020\/01\/20200115_092649.jpg 1534w\" sizes=\"auto, (max-width: 867px) 100vw, 867px\" \/><\/a><\/figure><\/li><li class=\"blocks-gallery-item\"><figure><a href=\"http:\/\/sp1.kielce.eu\/wp-content\/uploads\/2020\/01\/20200114_104408-1060x900.jpg\"><img loading=\"lazy\" decoding=\"async\" width=\"1060\" height=\"900\" src=\"http:\/\/sp1.kielce.eu\/wp-content\/uploads\/2020\/01\/20200114_104408-1060x900.jpg\" alt=\"\" data-id=\"10522\" data-link=\"http:\/\/sp1.kielce.eu\/?attachment_id=10522\" class=\"wp-image-10522\" srcset=\"https:\/\/sp1.kielce.eu\/wp-content\/uploads\/2020\/01\/20200114_104408-1060x900.jpg 1060w, https:\/\/sp1.kielce.eu\/wp-content\/uploads\/2020\/01\/20200114_104408-300x255.jpg 300w, https:\/\/sp1.kielce.eu\/wp-content\/uploads\/2020\/01\/20200114_104408-768x652.jpg 768w, https:\/\/sp1.kielce.eu\/wp-content\/uploads\/2020\/01\/20200114_104408-820x696.jpg 820w, https:\/\/sp1.kielce.eu\/wp-content\/uploads\/2020\/01\/20200114_104408.jpg 1078w\" sizes=\"auto, (max-width: 1060px) 100vw, 1060px\" \/><\/a><\/figure><\/li><li class=\"blocks-gallery-item\"><figure><a href=\"http:\/\/sp1.kielce.eu\/wp-content\/uploads\/2020\/01\/20200114_111049.jpg\"><img loading=\"lazy\" decoding=\"async\" width=\"1080\" height=\"440\" src=\"http:\/\/sp1.kielce.eu\/wp-content\/uploads\/2020\/01\/20200114_111049.jpg\" alt=\"\" data-id=\"10523\" data-link=\"http:\/\/sp1.kielce.eu\/?attachment_id=10523\" class=\"wp-image-10523\" srcset=\"https:\/\/sp1.kielce.eu\/wp-content\/uploads\/2020\/01\/20200114_111049.jpg 1080w, https:\/\/sp1.kielce.eu\/wp-content\/uploads\/2020\/01\/20200114_111049-300x122.jpg 300w, https:\/\/sp1.kielce.eu\/wp-content\/uploads\/2020\/01\/20200114_111049-768x313.jpg 768w, https:\/\/sp1.kielce.eu\/wp-content\/uploads\/2020\/01\/20200114_111049-820x334.jpg 820w\" sizes=\"auto, (max-width: 1080px) 100vw, 1080px\" \/><\/a><\/figure><\/li><\/ul>\n","protected":false},"excerpt":{"rendered":"<p>W dniu 12 stycznia 2020 roku wolontariusze ze Szkolnego Ko\u0142a Wolontariatu Jedynka w ramach wsp\u00f3\u0142pracy [&hellip;]<\/p>\n","protected":false},"author":4,"featured_media":10522,"comment_status":"closed","ping_status":"open","sticky":false,"template":"","format":"standard","meta":{"footnotes":""},"categories":[36,163],"tags":[],"class_list":["post-10517","post","type-post","status-publish","format-standard","has-post-thumbnail","hentry","category-wydarzenia","category-skw"],"_links":{"self":[{"href":"https:\/\/sp1.kielce.eu\/index.php\/wp-json\/wp\/v2\/posts\/10517","targetHints":{"allow":["GET"]}}],"collection":[{"href":"https:\/\/sp1.kielce.eu\/index.php\/wp-json\/wp\/v2\/posts"}],"about":[{"href":"https:\/\/sp1.kielce.eu\/index.php\/wp-json\/wp\/v2\/types\/post"}],"author":[{"embeddable":true,"href":"https:\/\/sp1.kielce.eu\/index.php\/wp-json\/wp\/v2\/users\/4"}],"replies":[{"embeddable":true,"href":"https:\/\/sp1.kielce.eu\/index.php\/wp-json\/wp\/v2\/comments?post=10517"}],"version-history":[{"count":2,"href":"https:\/\/sp1.kielce.eu\/index.php\/wp-json\/wp\/v2\/posts\/10517\/revisions"}],"predecessor-version":[{"id":10541,"href":"https:\/\/sp1.kielce.eu\/index.php\/wp-json\/wp\/v2\/posts\/10517\/revisions\/10541"}],"wp:featuredmedia":[{"embeddable":true,"href":"https:\/\/sp1.kielce.eu\/index.php\/wp-json\/wp\/v2\/media\/10522"}],"wp:attachment":[{"href":"https:\/\/sp1.kielce.eu\/index.php\/wp-json\/wp\/v2\/media?parent=10517"}],"wp:term":[{"taxonomy":"category","embeddable":true,"href":"https:\/\/sp1.kielce.eu\/index.php\/wp-json\/wp\/v2\/categories?post=10517"},{"taxonomy":"post_tag","embeddable":true,"href":"https:\/\/sp1.kielce.eu\/index.php\/wp-json\/wp\/v2\/tags?post=10517"}],"curies":[{"name":"wp","href":"https:\/\/api.w.org\/{rel}","templated":true}]}}