{"id":10419,"date":"2020-01-13T08:42:27","date_gmt":"2020-01-13T07:42:27","guid":{"rendered":"http:\/\/sp1.kielce.eu\/?p=10419"},"modified":"2020-01-13T08:42:27","modified_gmt":"2020-01-13T07:42:27","slug":"rozstrzygniecie-bozonarodzeniowego-konkursu-plastyczno-technicznego","status":"publish","type":"post","link":"https:\/\/sp1.kielce.eu\/index.php\/2020\/01\/13\/rozstrzygniecie-bozonarodzeniowego-konkursu-plastyczno-technicznego\/","title":{"rendered":"Rozstrzygni\u0119cie bo\u017conarodzeniowego konkursu plastyczno-technicznego"},"content":{"rendered":"\n<p>\n\nZosta\u0142&nbsp;roztrzygni\u0119ty&nbsp;konkurs&nbsp;plastyczno-techniczny&nbsp;&nbsp;na&nbsp;eko-stroik<\/p>\n\n\n\n<p>W&nbsp;klasach&nbsp;I-III&nbsp;nagrodzeni&nbsp;zostali:<br>1.Igor&nbsp;Zatelmajer&nbsp;III&nbsp;b<br>2.Julia&nbsp;Graba&nbsp;III&nbsp;a<br>3.&nbsp;Franciszek&nbsp;Banasik&nbsp;III&nbsp;b<br>Wyr\u00f3\u017cniona&nbsp;zosta\u0142a&nbsp;praca&nbsp;Nikoli&nbsp;Sosnowskiej&nbsp;z&nbsp;klasy&nbsp;Ia<\/p>\n\n\n\n<p>W&nbsp;klasach&nbsp;IV-VIII&nbsp;&nbsp;nagrodzeni&nbsp;zostali:<br>1.Kasia&nbsp;Ko\u0142cz&nbsp;Vb<br>2.Gabriela&nbsp;Adler&nbsp;Vb<br>3.Kamil&nbsp;Mazur&nbsp;Va<\/p>\n\n\n\n<p>Gratulujemy&nbsp;nagrodzonym&nbsp;i&nbsp;dzi\u0119kujemy&nbsp;wszystkim&nbsp;uczniom&nbsp;za&nbsp;wykonane<br>prace.<\/p>\n\n\n\n<p style=\"text-align:right\">Aneta&nbsp;Trzci\u0144ska,Anna&nbsp;Materny\n\n<\/p>\n\n\n\n<ul class=\"wp-block-gallery columns-3 is-cropped wp-block-gallery-1 is-layout-flex wp-block-gallery-is-layout-flex\"><li class=\"blocks-gallery-item\"><figure><a href=\"http:\/\/sp1.kielce.eu\/wp-content\/uploads\/2020\/01\/20200108_112239-Medium-588x900.jpg\"><img loading=\"lazy\" decoding=\"async\" width=\"588\" height=\"900\" src=\"http:\/\/sp1.kielce.eu\/wp-content\/uploads\/2020\/01\/20200108_112239-Medium-588x900.jpg\" alt=\"\" data-id=\"10420\" data-link=\"http:\/\/sp1.kielce.eu\/?attachment_id=10420\" class=\"wp-image-10420\" srcset=\"https:\/\/sp1.kielce.eu\/wp-content\/uploads\/2020\/01\/20200108_112239-Medium-588x900.jpg 588w, https:\/\/sp1.kielce.eu\/wp-content\/uploads\/2020\/01\/20200108_112239-Medium-196x300.jpg 196w, https:\/\/sp1.kielce.eu\/wp-content\/uploads\/2020\/01\/20200108_112239-Medium.jpg 768w\" sizes=\"auto, (max-width: 588px) 100vw, 588px\" \/><\/a><figcaption>1<\/figcaption><\/figure><\/li><li class=\"blocks-gallery-item\"><figure><a href=\"http:\/\/sp1.kielce.eu\/wp-content\/uploads\/2020\/01\/20200108_112253-Medium-520x900.jpg\"><img loading=\"lazy\" decoding=\"async\" width=\"520\" height=\"900\" src=\"http:\/\/sp1.kielce.eu\/wp-content\/uploads\/2020\/01\/20200108_112253-Medium-520x900.jpg\" alt=\"\" data-id=\"10421\" data-link=\"http:\/\/sp1.kielce.eu\/?attachment_id=10421\" class=\"wp-image-10421\" srcset=\"https:\/\/sp1.kielce.eu\/wp-content\/uploads\/2020\/01\/20200108_112253-Medium-520x900.jpg 520w, https:\/\/sp1.kielce.eu\/wp-content\/uploads\/2020\/01\/20200108_112253-Medium-173x300.jpg 173w, https:\/\/sp1.kielce.eu\/wp-content\/uploads\/2020\/01\/20200108_112253-Medium.jpg 768w\" sizes=\"auto, (max-width: 520px) 100vw, 520px\" \/><\/a><figcaption>2<\/figcaption><\/figure><\/li><li class=\"blocks-gallery-item\"><figure><a href=\"http:\/\/sp1.kielce.eu\/wp-content\/uploads\/2020\/01\/Konkurs-Medium-675x900.jpg\"><img loading=\"lazy\" decoding=\"async\" width=\"675\" height=\"900\" src=\"http:\/\/sp1.kielce.eu\/wp-content\/uploads\/2020\/01\/Konkurs-Medium-675x900.jpg\" alt=\"\" data-id=\"10422\" data-link=\"http:\/\/sp1.kielce.eu\/?attachment_id=10422\" class=\"wp-image-10422\" srcset=\"https:\/\/sp1.kielce.eu\/wp-content\/uploads\/2020\/01\/Konkurs-Medium-675x900.jpg 675w, https:\/\/sp1.kielce.eu\/wp-content\/uploads\/2020\/01\/Konkurs-Medium-225x300.jpg 225w, https:\/\/sp1.kielce.eu\/wp-content\/uploads\/2020\/01\/Konkurs-Medium.jpg 768w\" sizes=\"auto, (max-width: 675px) 100vw, 675px\" \/><\/a><figcaption>3<\/figcaption><\/figure><\/li><\/ul>\n","protected":false},"excerpt":{"rendered":"<p>Zosta\u0142&nbsp;roztrzygni\u0119ty&nbsp;konkurs&nbsp;plastyczno-techniczny&nbsp;&nbsp;na&nbsp;eko-stroik W&nbsp;klasach&nbsp;I-III&nbsp;nagrodzeni&nbsp;zostali:1.Igor&nbsp;Zatelmajer&nbsp;III&nbsp;b2.Julia&nbsp;Graba&nbsp;III&nbsp;a3.&nbsp;Franciszek&nbsp;Banasik&nbsp;III&nbsp;bWyr\u00f3\u017cniona&nbsp;zosta\u0142a&nbsp;praca&nbsp;Nikoli&nbsp;Sosnowskiej&nbsp;z&nbsp;klasy&nbsp;Ia W&nbsp;klasach&nbsp;IV-VIII&nbsp;&nbsp;nagrodzeni&nbsp;zostali:1.Kasia&nbsp;Ko\u0142cz&nbsp;Vb2.Gabriela&nbsp;Adler&nbsp;Vb3.Kamil&nbsp;Mazur&nbsp;Va Gratulujemy&nbsp;nagrodzonym&nbsp;i&nbsp;dzi\u0119kujemy&nbsp;wszystkim&nbsp;uczniom&nbsp;za&nbsp;wykonaneprace. Aneta&nbsp;Trzci\u0144ska,Anna&nbsp;Materny<\/p>\n","protected":false},"author":5,"featured_media":10421,"comment_status":"closed","ping_status":"open","sticky":false,"template":"","format":"standard","meta":{"footnotes":""},"categories":[36,10],"tags":[],"class_list":["post-10419","post","type-post","status-publish","format-standard","has-post-thumbnail","hentry","category-wydarzenia","category-konkursy-przedmiotowe"],"_links":{"self":[{"href":"https:\/\/sp1.kielce.eu\/index.php\/wp-json\/wp\/v2\/posts\/10419","targetHints":{"allow":["GET"]}}],"collection":[{"href":"https:\/\/sp1.kielce.eu\/index.php\/wp-json\/wp\/v2\/posts"}],"about":[{"href":"https:\/\/sp1.kielce.eu\/index.php\/wp-json\/wp\/v2\/types\/post"}],"author":[{"embeddable":true,"href":"https:\/\/sp1.kielce.eu\/index.php\/wp-json\/wp\/v2\/users\/5"}],"replies":[{"embeddable":true,"href":"https:\/\/sp1.kielce.eu\/index.php\/wp-json\/wp\/v2\/comments?post=10419"}],"version-history":[{"count":1,"href":"https:\/\/sp1.kielce.eu\/index.php\/wp-json\/wp\/v2\/posts\/10419\/revisions"}],"predecessor-version":[{"id":10423,"href":"https:\/\/sp1.kielce.eu\/index.php\/wp-json\/wp\/v2\/posts\/10419\/revisions\/10423"}],"wp:featuredmedia":[{"embeddable":true,"href":"https:\/\/sp1.kielce.eu\/index.php\/wp-json\/wp\/v2\/media\/10421"}],"wp:attachment":[{"href":"https:\/\/sp1.kielce.eu\/index.php\/wp-json\/wp\/v2\/media?parent=10419"}],"wp:term":[{"taxonomy":"category","embeddable":true,"href":"https:\/\/sp1.kielce.eu\/index.php\/wp-json\/wp\/v2\/categories?post=10419"},{"taxonomy":"post_tag","embeddable":true,"href":"https:\/\/sp1.kielce.eu\/index.php\/wp-json\/wp\/v2\/tags?post=10419"}],"curies":[{"name":"wp","href":"https:\/\/api.w.org\/{rel}","templated":true}]}}