{"id":10226,"date":"2019-12-22T16:52:52","date_gmt":"2019-12-22T15:52:52","guid":{"rendered":"http:\/\/sp1.kielce.eu\/?p=10226"},"modified":"2020-01-20T16:22:14","modified_gmt":"2020-01-20T15:22:14","slug":"wigilie-w-klasach-i-iii","status":"publish","type":"post","link":"https:\/\/sp1.kielce.eu\/index.php\/2019\/12\/22\/wigilie-w-klasach-i-iii\/","title":{"rendered":"Wigilie w klasach I-III"},"content":{"rendered":"\n<p>W dniach 19 i&nbsp;20 grudnia 2019&nbsp;r. w&nbsp;klasach I&nbsp;&#8211;&nbsp;III &#8211; rodzice, wychowawcy i&nbsp;dzieci zorganizowali tradycyjne spotkania wigilijne. By\u0142y \u017cyczenia, \u0142amanie si\u0119 op\u0142atkiem,&nbsp; \u015bpiewanie kol\u0119d, wsp\u00f3lny pocz\u0119stunek przygotowany przez mamy, a&nbsp;wszystko przy roz\u015bwieconych choinkach.<br>Dzieci ogl\u0105da\u0142y r\u00f3wnie\u017c tradycyjne Jase\u0142ka przygotowane przez siostr\u0119 Faustyn\u0119, a&nbsp;jako Anio\u0142y \u2013 Nauczyciele wyst\u0105pi\u0142y nasze panie z&nbsp;klas trzecich \u2013 Ma\u0142gorzata Kasza i&nbsp;Iwona Ko\u015bcielecka. Dzieci z&nbsp;klas trzecich wykona\u0142y magiczny taniec ze \u015bpiewem.<\/p>\n\n\n\n<p style=\"text-align:right\">Nauczyciele edukacji wczesnoszkolnej:<br> Ma\u0142gorzata Kasza<br> Iwona Ko\u015bcielecka<br> Kinga Kozie\u0142<br> El\u017cbieta Lis<br> Marta Okopie\u0144<br> Andrzej Pustu\u0142a<\/p>\n\n\n\n<ul class=\"wp-block-gallery columns-4 is-cropped wp-block-gallery-1 is-layout-flex wp-block-gallery-is-layout-flex\"><li class=\"blocks-gallery-item\"><figure><a href=\"http:\/\/sp1.kielce.eu\/wp-content\/uploads\/2019\/12\/20191220_112256-Copy-675x900.jpg\"><img loading=\"lazy\" decoding=\"async\" width=\"675\" height=\"900\" src=\"http:\/\/sp1.kielce.eu\/wp-content\/uploads\/2019\/12\/20191220_112256-Copy-675x900.jpg\" alt=\"\" data-id=\"10228\" data-link=\"http:\/\/sp1.kielce.eu\/?attachment_id=10228\" class=\"wp-image-10228\" srcset=\"https:\/\/sp1.kielce.eu\/wp-content\/uploads\/2019\/12\/20191220_112256-Copy.jpg 675w, https:\/\/sp1.kielce.eu\/wp-content\/uploads\/2019\/12\/20191220_112256-Copy-225x300.jpg 225w\" sizes=\"auto, (max-width: 675px) 100vw, 675px\" \/><\/a><\/figure><\/li><li class=\"blocks-gallery-item\"><figure><a href=\"http:\/\/sp1.kielce.eu\/wp-content\/uploads\/2019\/12\/DSC06108-Copy-1042x900.jpg\"><img loading=\"lazy\" decoding=\"async\" width=\"1042\" height=\"900\" src=\"http:\/\/sp1.kielce.eu\/wp-content\/uploads\/2019\/12\/DSC06108-Copy-1042x900.jpg\" alt=\"\" data-id=\"10231\" data-link=\"http:\/\/sp1.kielce.eu\/?attachment_id=10231\" class=\"wp-image-10231\" srcset=\"https:\/\/sp1.kielce.eu\/wp-content\/uploads\/2019\/12\/DSC06108-Copy.jpg 1042w, https:\/\/sp1.kielce.eu\/wp-content\/uploads\/2019\/12\/DSC06108-Copy-300x259.jpg 300w, https:\/\/sp1.kielce.eu\/wp-content\/uploads\/2019\/12\/DSC06108-Copy-768x663.jpg 768w, https:\/\/sp1.kielce.eu\/wp-content\/uploads\/2019\/12\/DSC06108-Copy-820x708.jpg 820w\" sizes=\"auto, (max-width: 1042px) 100vw, 1042px\" \/><\/a><\/figure><\/li><li class=\"blocks-gallery-item\"><figure><a href=\"http:\/\/sp1.kielce.eu\/wp-content\/uploads\/2019\/12\/DSC06123-Copy-1200x900.jpg\"><img loading=\"lazy\" decoding=\"async\" width=\"1200\" height=\"900\" src=\"http:\/\/sp1.kielce.eu\/wp-content\/uploads\/2019\/12\/DSC06123-Copy-1200x900.jpg\" alt=\"\" data-id=\"10234\" data-link=\"http:\/\/sp1.kielce.eu\/?attachment_id=10234\" class=\"wp-image-10234\" srcset=\"https:\/\/sp1.kielce.eu\/wp-content\/uploads\/2019\/12\/DSC06123-Copy.jpg 1200w, https:\/\/sp1.kielce.eu\/wp-content\/uploads\/2019\/12\/DSC06123-Copy-300x225.jpg 300w, https:\/\/sp1.kielce.eu\/wp-content\/uploads\/2019\/12\/DSC06123-Copy-768x576.jpg 768w, https:\/\/sp1.kielce.eu\/wp-content\/uploads\/2019\/12\/DSC06123-Copy-820x615.jpg 820w\" sizes=\"auto, (max-width: 1200px) 100vw, 1200px\" \/><\/a><\/figure><\/li><li class=\"blocks-gallery-item\"><figure><a href=\"http:\/\/sp1.kielce.eu\/wp-content\/uploads\/2019\/12\/DSC06110-Copy-904x900.jpg\"><img loading=\"lazy\" decoding=\"async\" width=\"904\" height=\"900\" src=\"http:\/\/sp1.kielce.eu\/wp-content\/uploads\/2019\/12\/DSC06110-Copy-904x900.jpg\" alt=\"\" data-id=\"10232\" data-link=\"http:\/\/sp1.kielce.eu\/?attachment_id=10232\" class=\"wp-image-10232\" srcset=\"https:\/\/sp1.kielce.eu\/wp-content\/uploads\/2019\/12\/DSC06110-Copy.jpg 904w, https:\/\/sp1.kielce.eu\/wp-content\/uploads\/2019\/12\/DSC06110-Copy-150x150.jpg 150w, https:\/\/sp1.kielce.eu\/wp-content\/uploads\/2019\/12\/DSC06110-Copy-300x300.jpg 300w, https:\/\/sp1.kielce.eu\/wp-content\/uploads\/2019\/12\/DSC06110-Copy-768x765.jpg 768w, https:\/\/sp1.kielce.eu\/wp-content\/uploads\/2019\/12\/DSC06110-Copy-820x816.jpg 820w\" sizes=\"auto, (max-width: 904px) 100vw, 904px\" \/><\/a><\/figure><\/li><li class=\"blocks-gallery-item\"><figure><a href=\"http:\/\/sp1.kielce.eu\/wp-content\/uploads\/2019\/12\/DSC06112-Copy-993x900.jpg\"><img loading=\"lazy\" decoding=\"async\" width=\"993\" height=\"900\" src=\"http:\/\/sp1.kielce.eu\/wp-content\/uploads\/2019\/12\/DSC06112-Copy-993x900.jpg\" alt=\"\" data-id=\"10233\" data-link=\"http:\/\/sp1.kielce.eu\/?attachment_id=10233\" class=\"wp-image-10233\" srcset=\"https:\/\/sp1.kielce.eu\/wp-content\/uploads\/2019\/12\/DSC06112-Copy.jpg 993w, https:\/\/sp1.kielce.eu\/wp-content\/uploads\/2019\/12\/DSC06112-Copy-300x272.jpg 300w, https:\/\/sp1.kielce.eu\/wp-content\/uploads\/2019\/12\/DSC06112-Copy-768x696.jpg 768w, https:\/\/sp1.kielce.eu\/wp-content\/uploads\/2019\/12\/DSC06112-Copy-820x743.jpg 820w\" sizes=\"auto, (max-width: 993px) 100vw, 993px\" \/><\/a><\/figure><\/li><li class=\"blocks-gallery-item\"><figure><a href=\"http:\/\/sp1.kielce.eu\/wp-content\/uploads\/2019\/12\/20191220_102401-Copy-940x900.jpg\"><img loading=\"lazy\" decoding=\"async\" width=\"940\" height=\"900\" src=\"http:\/\/sp1.kielce.eu\/wp-content\/uploads\/2019\/12\/20191220_102401-Copy-940x900.jpg\" alt=\"\" data-id=\"10236\" data-link=\"http:\/\/sp1.kielce.eu\/?attachment_id=10236\" class=\"wp-image-10236\" srcset=\"https:\/\/sp1.kielce.eu\/wp-content\/uploads\/2019\/12\/20191220_102401-Copy.jpg 940w, https:\/\/sp1.kielce.eu\/wp-content\/uploads\/2019\/12\/20191220_102401-Copy-300x287.jpg 300w, https:\/\/sp1.kielce.eu\/wp-content\/uploads\/2019\/12\/20191220_102401-Copy-768x735.jpg 768w, https:\/\/sp1.kielce.eu\/wp-content\/uploads\/2019\/12\/20191220_102401-Copy-820x785.jpg 820w\" sizes=\"auto, (max-width: 940px) 100vw, 940px\" \/><\/a><\/figure><\/li><\/ul>\n","protected":false},"excerpt":{"rendered":"<p>W dniach 19 i&nbsp;20 grudnia 2019&nbsp;r. w&nbsp;klasach I&nbsp;&#8211;&nbsp;III &#8211; rodzice, wychowawcy i&nbsp;dzieci zorganizowali tradycyjne spotkania [&hellip;]<\/p>\n","protected":false},"author":13,"featured_media":10236,"comment_status":"closed","ping_status":"open","sticky":false,"template":"","format":"standard","meta":{"footnotes":""},"categories":[36],"tags":[],"class_list":["post-10226","post","type-post","status-publish","format-standard","has-post-thumbnail","hentry","category-wydarzenia"],"_links":{"self":[{"href":"https:\/\/sp1.kielce.eu\/index.php\/wp-json\/wp\/v2\/posts\/10226","targetHints":{"allow":["GET"]}}],"collection":[{"href":"https:\/\/sp1.kielce.eu\/index.php\/wp-json\/wp\/v2\/posts"}],"about":[{"href":"https:\/\/sp1.kielce.eu\/index.php\/wp-json\/wp\/v2\/types\/post"}],"author":[{"embeddable":true,"href":"https:\/\/sp1.kielce.eu\/index.php\/wp-json\/wp\/v2\/users\/13"}],"replies":[{"embeddable":true,"href":"https:\/\/sp1.kielce.eu\/index.php\/wp-json\/wp\/v2\/comments?post=10226"}],"version-history":[{"count":4,"href":"https:\/\/sp1.kielce.eu\/index.php\/wp-json\/wp\/v2\/posts\/10226\/revisions"}],"predecessor-version":[{"id":10677,"href":"https:\/\/sp1.kielce.eu\/index.php\/wp-json\/wp\/v2\/posts\/10226\/revisions\/10677"}],"wp:featuredmedia":[{"embeddable":true,"href":"https:\/\/sp1.kielce.eu\/index.php\/wp-json\/wp\/v2\/media\/10236"}],"wp:attachment":[{"href":"https:\/\/sp1.kielce.eu\/index.php\/wp-json\/wp\/v2\/media?parent=10226"}],"wp:term":[{"taxonomy":"category","embeddable":true,"href":"https:\/\/sp1.kielce.eu\/index.php\/wp-json\/wp\/v2\/categories?post=10226"},{"taxonomy":"post_tag","embeddable":true,"href":"https:\/\/sp1.kielce.eu\/index.php\/wp-json\/wp\/v2\/tags?post=10226"}],"curies":[{"name":"wp","href":"https:\/\/api.w.org\/{rel}","templated":true}]}}