{"id":10076,"date":"2019-12-17T12:35:07","date_gmt":"2019-12-17T11:35:07","guid":{"rendered":"http:\/\/sp1.kielce.eu\/?p=10076"},"modified":"2019-12-17T12:35:07","modified_gmt":"2019-12-17T11:35:07","slug":"zajecia-przyrodnicze-z-pania-joanna-smolinska","status":"publish","type":"post","link":"https:\/\/sp1.kielce.eu\/index.php\/2019\/12\/17\/zajecia-przyrodnicze-z-pania-joanna-smolinska\/","title":{"rendered":"&#8222;Zaj\u0119cia przyrodnicze z pani\u0105 Joann\u0105 Smoli\u0144sk\u0105&#8221;"},"content":{"rendered":"\n<p>W grudniu uczniowie naszej szko\u0142y uczestniczyli w zaj\u0119ciach przyrodniczych prowadzonych przez pani\u0105 Joann\u0119 Smoli\u0144sk\u0105 z Towarzystwa Bada\u0144 i Ochrony Przyrody w Kielcach. Uczniowie mieli mo\u017cliwo\u015b\u0107 poznania r\u00f3\u017cnych gatunk\u00f3w zwierz\u0105t wyst\u0119puj\u0105cych w naszym wojew\u00f3dztwie min.; motyli (Modraszek talejus, Przeplatka aurinia), nietoperzy (Nocek Bechsteina), w\u0119\u017cy (Gniewosz plamisty, W\u0105\u017c Eskulapa, \u017bmija zygzakowata) oraz ptak\u00f3w (\u017bo\u0142na pszczo\u0142ojad). Zaj\u0119cia te umo\u017cliwi\u0142y uczniom poszerzenia wiedzy przyrodniczo-geograficznej na temat naszej &#8222;ma\u0142ej ojczyzny&#8221;oraz wzbogaci\u0142y zdobyt\u0105 wcze\u015bniej wiedz\u0119 o \u015brodowisku, jego walorach przyrodniczych, kulturowych i estetycznych. <\/p>\n\n\n\n<p style=\"text-align:right\">Krystyna Banasik \u2013 nauczyciel biologii, przyrody<\/p>\n\n\n\n<ul class=\"wp-block-gallery columns-3 is-cropped wp-block-gallery-1 is-layout-flex wp-block-gallery-is-layout-flex\"><li class=\"blocks-gallery-item\"><figure><a href=\"http:\/\/sp1.kielce.eu\/wp-content\/uploads\/2019\/12\/IMG_7376-Medium.jpg\"><img loading=\"lazy\" decoding=\"async\" width=\"1024\" height=\"768\" src=\"http:\/\/sp1.kielce.eu\/wp-content\/uploads\/2019\/12\/IMG_7376-Medium.jpg\" alt=\"\" data-id=\"10077\" data-link=\"http:\/\/sp1.kielce.eu\/?attachment_id=10077\" class=\"wp-image-10077\" srcset=\"https:\/\/sp1.kielce.eu\/wp-content\/uploads\/2019\/12\/IMG_7376-Medium.jpg 1024w, https:\/\/sp1.kielce.eu\/wp-content\/uploads\/2019\/12\/IMG_7376-Medium-300x225.jpg 300w, https:\/\/sp1.kielce.eu\/wp-content\/uploads\/2019\/12\/IMG_7376-Medium-768x576.jpg 768w, https:\/\/sp1.kielce.eu\/wp-content\/uploads\/2019\/12\/IMG_7376-Medium-820x615.jpg 820w\" sizes=\"auto, (max-width: 1024px) 100vw, 1024px\" \/><\/a><figcaption>1<\/figcaption><\/figure><\/li><li class=\"blocks-gallery-item\"><figure><a href=\"http:\/\/sp1.kielce.eu\/wp-content\/uploads\/2019\/12\/IMG_7378-Medium.jpg\"><img loading=\"lazy\" decoding=\"async\" width=\"1024\" height=\"768\" src=\"http:\/\/sp1.kielce.eu\/wp-content\/uploads\/2019\/12\/IMG_7378-Medium.jpg\" alt=\"\" data-id=\"10078\" data-link=\"http:\/\/sp1.kielce.eu\/?attachment_id=10078\" class=\"wp-image-10078\" srcset=\"https:\/\/sp1.kielce.eu\/wp-content\/uploads\/2019\/12\/IMG_7378-Medium.jpg 1024w, https:\/\/sp1.kielce.eu\/wp-content\/uploads\/2019\/12\/IMG_7378-Medium-300x225.jpg 300w, https:\/\/sp1.kielce.eu\/wp-content\/uploads\/2019\/12\/IMG_7378-Medium-768x576.jpg 768w, https:\/\/sp1.kielce.eu\/wp-content\/uploads\/2019\/12\/IMG_7378-Medium-820x615.jpg 820w\" sizes=\"auto, (max-width: 1024px) 100vw, 1024px\" \/><\/a><figcaption>2<\/figcaption><\/figure><\/li><li class=\"blocks-gallery-item\"><figure><a href=\"http:\/\/sp1.kielce.eu\/wp-content\/uploads\/2019\/12\/IMG_7379-Medium.jpg\"><img loading=\"lazy\" decoding=\"async\" width=\"1024\" height=\"768\" src=\"http:\/\/sp1.kielce.eu\/wp-content\/uploads\/2019\/12\/IMG_7379-Medium.jpg\" alt=\"\" data-id=\"10079\" data-link=\"http:\/\/sp1.kielce.eu\/?attachment_id=10079\" class=\"wp-image-10079\" srcset=\"https:\/\/sp1.kielce.eu\/wp-content\/uploads\/2019\/12\/IMG_7379-Medium.jpg 1024w, https:\/\/sp1.kielce.eu\/wp-content\/uploads\/2019\/12\/IMG_7379-Medium-300x225.jpg 300w, https:\/\/sp1.kielce.eu\/wp-content\/uploads\/2019\/12\/IMG_7379-Medium-768x576.jpg 768w, https:\/\/sp1.kielce.eu\/wp-content\/uploads\/2019\/12\/IMG_7379-Medium-820x615.jpg 820w\" sizes=\"auto, (max-width: 1024px) 100vw, 1024px\" \/><\/a><figcaption>3<\/figcaption><\/figure><\/li><\/ul>\n","protected":false},"excerpt":{"rendered":"<p>W grudniu uczniowie naszej szko\u0142y uczestniczyli w zaj\u0119ciach przyrodniczych prowadzonych przez pani\u0105 Joann\u0119 Smoli\u0144sk\u0105 z [&hellip;]<\/p>\n","protected":false},"author":5,"featured_media":10078,"comment_status":"closed","ping_status":"open","sticky":false,"template":"","format":"standard","meta":{"footnotes":""},"categories":[17],"tags":[],"class_list":["post-10076","post","type-post","status-publish","format-standard","has-post-thumbnail","hentry","category-lop"],"_links":{"self":[{"href":"https:\/\/sp1.kielce.eu\/index.php\/wp-json\/wp\/v2\/posts\/10076","targetHints":{"allow":["GET"]}}],"collection":[{"href":"https:\/\/sp1.kielce.eu\/index.php\/wp-json\/wp\/v2\/posts"}],"about":[{"href":"https:\/\/sp1.kielce.eu\/index.php\/wp-json\/wp\/v2\/types\/post"}],"author":[{"embeddable":true,"href":"https:\/\/sp1.kielce.eu\/index.php\/wp-json\/wp\/v2\/users\/5"}],"replies":[{"embeddable":true,"href":"https:\/\/sp1.kielce.eu\/index.php\/wp-json\/wp\/v2\/comments?post=10076"}],"version-history":[{"count":1,"href":"https:\/\/sp1.kielce.eu\/index.php\/wp-json\/wp\/v2\/posts\/10076\/revisions"}],"predecessor-version":[{"id":10080,"href":"https:\/\/sp1.kielce.eu\/index.php\/wp-json\/wp\/v2\/posts\/10076\/revisions\/10080"}],"wp:featuredmedia":[{"embeddable":true,"href":"https:\/\/sp1.kielce.eu\/index.php\/wp-json\/wp\/v2\/media\/10078"}],"wp:attachment":[{"href":"https:\/\/sp1.kielce.eu\/index.php\/wp-json\/wp\/v2\/media?parent=10076"}],"wp:term":[{"taxonomy":"category","embeddable":true,"href":"https:\/\/sp1.kielce.eu\/index.php\/wp-json\/wp\/v2\/categories?post=10076"},{"taxonomy":"post_tag","embeddable":true,"href":"https:\/\/sp1.kielce.eu\/index.php\/wp-json\/wp\/v2\/tags?post=10076"}],"curies":[{"name":"wp","href":"https:\/\/api.w.org\/{rel}","templated":true}]}}